{"id":39560,"date":"2025-04-20T18:49:09","date_gmt":"2025-04-20T18:49:09","guid":{"rendered":"https:\/\/www.europesays.com\/fr\/39560\/"},"modified":"2025-04-20T18:49:09","modified_gmt":"2025-04-20T18:49:09","slug":"lundi-21-avril-2025-vide-grenier-dans-le-quartier-du-faubourg-de-bethune","status":"publish","type":"post","link":"https:\/\/www.europesays.com\/fr\/39560\/","title":{"rendered":"Lundi 21 avril 2025, Vide-grenier dans le quartier du Faubourg de B\u00e9thune"},"content":{"rendered":"<p>\t\t\t<img width=\"660\" height=\"330\" src=\"https:\/\/www.europesays.com\/fr\/wp-content\/uploads\/2025\/04\/braderie_mars2017-660x330.jpg\" class=\"attachment-slider size-slider wp-post-image\" alt=\"\" decoding=\"async\" fetchpriority=\"high\"  \/>\t\t<\/p>\n<p class=\"post-meta\">\n<p>\t<a href=\"https:\/\/www.zoomsurlille.fr\/author\/damien\" title=\"\" target=\"_blank\" rel=\"noopener\">Damien <\/a><\/p>\n<p>\t20 avril 2025<br \/>\n\t<a href=\"https:\/\/www.zoomsurlille.fr\/actualites\" rel=\"category tag noopener\" target=\"_blank\">Actualit\u00e9s<\/a><\/p>\n<p style=\"text-align: justify;\">Le<strong> lundi 21 avril 2025 <\/strong>de <strong>7h \u00e0 16h<\/strong>, le <strong>comit\u00e9 d\u2019animation du Faubourg de B\u00e9thune<\/strong> vous invite \u00e0 sa <strong>traditionnelle braderie annuelle, <\/strong>un <strong>vide-grenier<\/strong> dans les<strong> rues du quartier. <\/strong>Les<strong> exposants <\/strong>vous attendent <strong>rue du Faubourg de B\u00e9thune, rue Augereau <\/strong>et <strong>rue Calvin<\/strong> dans une <strong>ambiance agr\u00e9able<\/strong> et<strong> bon enfant<\/strong>.<\/p>\n<p class=\"has-text-align-right\"> Source : Ville de Lille \u2013 Photo : \u00a9 Archive Zoom Sur Lille<\/p>\n<p>\t\t<a href=\"#\" id=\"check-also-close\"><\/a><\/p>\n<p>\n\t\t\tA lire \u00e9galement !\n\t\t<\/p>\n<p>\t\t\t\t<a href=\"https:\/\/www.zoomsurlille.fr\/actualites\/calogero-se-produira-au-kursaal-de-dunkerque-le-05-novembre-2025-a-larena-stade-couvert-de-lievin-le-15-novembre-2025\" target=\"_blank\" rel=\"noopener\"><br \/>\n\t\t\t\t\t<img width=\"310\" height=\"165\" src=\"https:\/\/www.europesays.com\/fr\/wp-content\/uploads\/2025\/04\/calogero-310x165.jpg\" class=\"attachment-tie-medium size-tie-medium wp-post-image\" alt=\"\" decoding=\"async\" loading=\"lazy\"\/><br \/>\n\t\t\t\t<\/a><\/p>\n<p>Calogero se produira au Kursaal de Dunkerque le mercredi 05 novembre 2025 \u00e0 20h &amp; \u2026<\/p>\n","protected":false},"excerpt":{"rendered":"Damien 20 avril 2025 Actualit\u00e9s Le lundi 21 avril 2025 de 7h \u00e0 16h, le comit\u00e9 d\u2019animation du&hellip;\n","protected":false},"author":2,"featured_media":39561,"comment_status":"","ping_status":"","sticky":false,"template":"","format":"standard","meta":{"footnotes":""},"categories":[2815],"tags":[1111,11,1777,674,12307,1011,27,811,1307,12,25,12308],"class_list":{"0":"post-39560","1":"post","2":"type-post","3":"status-publish","4":"format-standard","5":"has-post-thumbnail","7":"category-lille","8":"tag-actu","9":"tag-actualites","10":"tag-eu","11":"tag-europe","12":"tag-faubourg-de-bethune","13":"tag-fr","14":"tag-france","15":"tag-hauts-de-france","16":"tag-lille","17":"tag-news","18":"tag-republique-francaise","19":"tag-vide-grenier"},"share_on_mastodon":{"url":"https:\/\/pubeurope.com\/@fr\/114371793049418546","error":""},"_links":{"self":[{"href":"https:\/\/www.europesays.com\/fr\/wp-json\/wp\/v2\/posts\/39560","targetHints":{"allow":["GET"]}}],"collection":[{"href":"https:\/\/www.europesays.com\/fr\/wp-json\/wp\/v2\/posts"}],"about":[{"href":"https:\/\/www.europesays.com\/fr\/wp-json\/wp\/v2\/types\/post"}],"author":[{"embeddable":true,"href":"https:\/\/www.europesays.com\/fr\/wp-json\/wp\/v2\/users\/2"}],"replies":[{"embeddable":true,"href":"https:\/\/www.europesays.com\/fr\/wp-json\/wp\/v2\/comments?post=39560"}],"version-history":[{"count":0,"href":"https:\/\/www.europesays.com\/fr\/wp-json\/wp\/v2\/posts\/39560\/revisions"}],"wp:featuredmedia":[{"embeddable":true,"href":"https:\/\/www.europesays.com\/fr\/wp-json\/wp\/v2\/media\/39561"}],"wp:attachment":[{"href":"https:\/\/www.europesays.com\/fr\/wp-json\/wp\/v2\/media?parent=39560"}],"wp:term":[{"taxonomy":"category","embeddable":true,"href":"https:\/\/www.europesays.com\/fr\/wp-json\/wp\/v2\/categories?post=39560"},{"taxonomy":"post_tag","embeddable":true,"href":"https:\/\/www.europesays.com\/fr\/wp-json\/wp\/v2\/tags?post=39560"}],"curies":[{"name":"wp","href":"https:\/\/api.w.org\/{rel}","templated":true}]}}