{"id":395607,"date":"2025-09-16T17:49:24","date_gmt":"2025-09-16T17:49:24","guid":{"rendered":"https:\/\/www.europesays.com\/fr\/395607\/"},"modified":"2025-09-16T17:49:24","modified_gmt":"2025-09-16T17:49:24","slug":"kate-william-et-la-creme-des-windsor-reunis-a-la-cathedrale-de-westminster","status":"publish","type":"post","link":"https:\/\/www.europesays.com\/fr\/395607\/","title":{"rendered":"Kate, William et la cr\u00e8me des Windsor r\u00e9unis \u00e0 la cath\u00e9drale de Westminster"},"content":{"rendered":"<p><strong>EN IMAGES &#8211;<\/strong> Ce mardi 16 septembre, les obs\u00e8ques de la duchesse de Kent ont eu lieu \u00e0 la cath\u00e9drale de Westminster. Son \u00e9poux, le duc de Kent, le roi Charles III ou encore le prince et la princesse de Galles \u00e9taient pr\u00e9sents.<\/p>\n<p class=\"fig-paragraph\">Les membres \u00e9minents de la famille royale britannique \u00e9taient pr\u00e9sents pour lui rendre un dernier hommage. Ce mardi 16 septembre, les fun\u00e9railles de la\u00a0<a href=\"http:\/\/madame.lefigaro.fr\/celebrites\/actu-people\/katharine-doyenne-de-la-monarchie-britannique-figure-de-wimbledon-et-professeure-de-musique-vient-de-feter-son-91e-anniversaire-20240222\" data-fig-type=\"Article\" data-gtm-custom-categorie=\"navigation\" data-gtm-custom-action=\"crossclick\" data-gtm-custom-label=\"Contextuel\" data-gtm-event=\"customEventSPE\" data-fig-domain=\"MADAME\" target=\"_blank\" rel=\"noopener\">duchesse de Kent<\/a>\u00a0ont eu lieu au sein de la cath\u00e9drale de Westminster. Katharine Worsley, de son nom de jeune fille, est\u00a0<a href=\"http:\/\/madame.lefigaro.fr\/celebrites\/doyenne-de-la-famille-royale-britannique-la-duchesse-de-kent-est-decedee-annonce-buckingham-palace-20250905\" data-fig-type=\"Article\" data-gtm-custom-categorie=\"navigation\" data-gtm-custom-action=\"crossclick\" data-gtm-custom-label=\"Contextuel\" data-gtm-event=\"customEventSPE\" data-fig-domain=\"MADAME\" target=\"_blank\" rel=\"noopener\">d\u00e9c\u00e9d\u00e9e jeudi 4 septembre \u00e0 l\u2019\u00e2ge de 92 ans, avait annonc\u00e9 le palais de Buckingham<\/a>. De nombreux membres de la couronne ont fait le d\u00e9placement pour honorer celle qui \u00e9tait la doyenne du clan depuis le d\u00e9c\u00e8s d\u2019Elizabeth II en 2022.<\/p>\n<p class=\"fig-paragraph\">C\u2019est d\u2019abord le prince Andrew et Sarah Ferguson qui ont franchi les portes de la cath\u00e9drale \u00e0 Londres, suivi de Sophie d\u2019\u00c9dimbourg, l\u2019\u00e9pouse du prince Edward, quant \u00e0 lui absent. La princesse Anne et son \u00e9poux, Timothy Laurence, \u00e9taient aussi pr\u00e9sents. Kate Middleton et le prince William ont ensuite fait leur apparition sur le parvis, suivis du roi Charles III. Ce dernier n\u2019\u00e9tait pas accompagn\u00e9 de la reine Camilla qui souffre d\u2019une sinusite aigu\u00eb, a indiqu\u00e9 le palais de Buckingham quelques heures plus t\u00f4t. La famille proche de la d\u00e9funte \u00e9tait aussi pr\u00e9sente. Son \u00e9poux le duc de Kent est arriv\u00e9 au bras de leur fille, Lady Helen Taylor, suivi de leurs fils, George Windsor, comte de St. Andrew, et Lord Nicholas Windsor.<\/p>\n","protected":false},"excerpt":{"rendered":"EN IMAGES &#8211; Ce mardi 16 septembre, les obs\u00e8ques de la duchesse de Kent ont eu lieu \u00e0&hellip;\n","protected":false},"author":2,"featured_media":395608,"comment_status":"","ping_status":"","sticky":false,"template":"","format":"standard","meta":{"footnotes":""},"categories":[8],"tags":[970,58,59,1011,27,4534,971],"class_list":{"0":"post-395607","1":"post","2":"type-post","3":"status-publish","4":"format-standard","5":"has-post-thumbnail","7":"category-divertissement","8":"tag-aristo-co","9":"tag-divertissement","10":"tag-entertainment","11":"tag-fr","12":"tag-france","13":"tag-londres","14":"tag-royaute"},"share_on_mastodon":{"url":"https:\/\/pubeurope.com\/@fr\/115215241308426359","error":""},"_links":{"self":[{"href":"https:\/\/www.europesays.com\/fr\/wp-json\/wp\/v2\/posts\/395607","targetHints":{"allow":["GET"]}}],"collection":[{"href":"https:\/\/www.europesays.com\/fr\/wp-json\/wp\/v2\/posts"}],"about":[{"href":"https:\/\/www.europesays.com\/fr\/wp-json\/wp\/v2\/types\/post"}],"author":[{"embeddable":true,"href":"https:\/\/www.europesays.com\/fr\/wp-json\/wp\/v2\/users\/2"}],"replies":[{"embeddable":true,"href":"https:\/\/www.europesays.com\/fr\/wp-json\/wp\/v2\/comments?post=395607"}],"version-history":[{"count":0,"href":"https:\/\/www.europesays.com\/fr\/wp-json\/wp\/v2\/posts\/395607\/revisions"}],"wp:featuredmedia":[{"embeddable":true,"href":"https:\/\/www.europesays.com\/fr\/wp-json\/wp\/v2\/media\/395608"}],"wp:attachment":[{"href":"https:\/\/www.europesays.com\/fr\/wp-json\/wp\/v2\/media?parent=395607"}],"wp:term":[{"taxonomy":"category","embeddable":true,"href":"https:\/\/www.europesays.com\/fr\/wp-json\/wp\/v2\/categories?post=395607"},{"taxonomy":"post_tag","embeddable":true,"href":"https:\/\/www.europesays.com\/fr\/wp-json\/wp\/v2\/tags?post=395607"}],"curies":[{"name":"wp","href":"https:\/\/api.w.org\/{rel}","templated":true}]}}