{"id":395609,"date":"2025-09-16T17:50:16","date_gmt":"2025-09-16T17:50:16","guid":{"rendered":"https:\/\/www.europesays.com\/fr\/395609\/"},"modified":"2025-09-16T17:50:16","modified_gmt":"2025-09-16T17:50:16","slug":"cette-tortue-marine-geante-de-132-millions-dannees-revolutionne-notre-vision-des-oceans-prehistoriques","status":"publish","type":"post","link":"https:\/\/www.europesays.com\/fr\/395609\/","title":{"rendered":"cette tortue marine g\u00e9ante de 132 millions d&rsquo;ann\u00e9es r\u00e9volutionne notre vision des oc\u00e9ans pr\u00e9historiques"},"content":{"rendered":"<tr>\n<td><strong>EN BREF<\/strong><\/td>\n<\/tr>\n<tr>\n<td>\n<ul>\n<li>\ud83e\udde9 D\u00e9couverte d\u2019une esp\u00e8ce de tortue marine, <strong>Craspedochelys renzi<\/strong>, datant du Cr\u00e9tac\u00e9 inf\u00e9rieur.<\/li>\n<li>\ud83d\udd0d Fossile identifi\u00e9 dans les collections du <strong>Naturhistorisches Museum Basel<\/strong> apr\u00e8s plus de 60 ans d\u2019oubli.<\/li>\n<li>\ud83c\udf0a Cette tortue appartient au groupe des <strong>thalassochelydiens<\/strong>, adapt\u00e9s aux environnements marins.<\/li>\n<li>\ud83d\udcda La r\u00e9\u00e9valuation des collections mus\u00e9ales souligne leur potentiel pour r\u00e9v\u00e9ler de <strong>nouveaux savoirs<\/strong>.<\/li>\n<\/ul>\n<\/td>\n<\/tr>\n<p>La d\u00e9couverte r\u00e9cente d\u2019une nouvelle esp\u00e8ce de tortue marine, Craspedochelys renzi, a permis d\u2019approfondir notre compr\u00e9hension des \u00e9cosyst\u00e8mes marins du Cr\u00e9tac\u00e9 inf\u00e9rieur. Cette esp\u00e8ce \u00e9teinte, identifi\u00e9e par un fossile d\u00e9couvert en Colombie, r\u00e9v\u00e8le des d\u00e9tails essentiels sur la diversit\u00e9 de la vie ancienne. Cette d\u00e9couverte ouvre une fen\u00eatre sur l\u2019histoire \u00e9volutive des tortues marines, offrant des informations cl\u00e9s sur leur d\u00e9veloppement et leur distribution g\u00e9ographique \u00e0 travers les \u00e2ges.<\/p>\n<p>Une d\u00e9couverte inattendue<\/p>\n<p>Le fossile de Craspedochelys renzi a \u00e9t\u00e9 d\u00e9couvert dans les ann\u00e9es 1950 par le g\u00e9ologue suisse Otto Renz lors d\u2019une exp\u00e9dition dans la r\u00e9gion de Cu\u00f1a de Cuiza, situ\u00e9e dans le d\u00e9partement de Guajira en Colombie. Bien que significatif, ce fossile est rest\u00e9 largement oubli\u00e9 dans les collections du Naturhistorisches Museum Basel en Suisse pendant plus de six d\u00e9cennies. Ce n\u2019est que lorsque des pal\u00e9ontologues ont revisit\u00e9 cet ancien sp\u00e9cimen qu\u2019ils l\u2019ont identifi\u00e9 comme une nouvelle esp\u00e8ce de tortue marine.<\/p>\n<p>Ce fossile remarquable comprend une carapace partielle mesurant 25,5 cm de long et 23,1 cm de large, ainsi que des os des membres post\u00e9rieurs et des vert\u00e8bres caudales. La d\u00e9couverte de cette tortue marine ajoute un nouveau chapitre \u00e0 l\u2019\u00e9volution de ces reptiles et \u00e9claire leur r\u00f4le dans les \u00e9cosyst\u00e8mes aquatiques anciens. Cela souligne l\u2019importance des collections mus\u00e9ales dans la r\u00e9v\u00e9lation de nouveaux aspects de l\u2019histoire de la vie sur Terre.<\/p>\n<blockquote class=\"wp-embedded-content\" data-secret=\"296HQUaiZX\">\n<p><a href=\"https:\/\/www.enviro2b.com\/2025\/08\/12\/lallemagne-stupefaite-par-le-titan-des-mers-apres-la-decouverte-dun-fossile-geant-vieux-de-183-millions-dannees-dans-une-ancienne-zone-cotiere\/\" rel=\"nofollow noopener\" target=\"_blank\">L\u2019Allemagne stup\u00e9faite par \u00ab le titan des mers \u00bb apr\u00e8s la d\u00e9couverte d\u2019un fossile g\u00e9ant vieux de 183 millions d\u2019ann\u00e9es dans une ancienne zone c\u00f4ti\u00e8re<\/a><\/p>\n<\/blockquote>\n<p>Les connexions thalassochelydiennes<\/p>\n<p>Craspedochelys renzi appartient \u00e0 un groupe de tortues anciennes connues sous le nom de thalassochelydiens, qui \u00e9taient hautement adapt\u00e9es aux environnements marins. Ces tortues ont \u00e9volu\u00e9 pour vivre dans des habitats c\u00f4tiers et marins durant les p\u00e9riodes jurassique et cr\u00e9tac\u00e9e. Selon le Dr. Edwin-Alberto Cadena, pal\u00e9ontologue \u00e0 l\u2019Universidad del Rosario, ces groupes de tortues ont d\u00e9velopp\u00e9 des adaptations sp\u00e9cialis\u00e9es pour survivre dans les environnements marins et littoraux au fil du temps.<\/p>\n<p>Les thalassochelydiens comprennent des familles telles que les Eurysternidae, les Plesiochelyidae et les Thalassemydidae. La nouvelle d\u00e9couverte \u00e9largit la diversit\u00e9 de ce groupe, qui comprend d\u00e9j\u00e0 plusieurs genres, y compris Plesiochelys, Portlandemys et Tropidemys. Une caract\u00e9ristique cl\u00e9 des thalassochelydiens est leur grande taille, avec des carapaces atteignant des longueurs de 40 \u00e0 55 cm. L\u2019absence de fontanelles carapaciales chez les adultes et d\u2019autres caract\u00e9ristiques uniques les distinguent des autres reptiles marins.<\/p>\n<blockquote class=\"wp-embedded-content\" data-secret=\"Z3NWSi7QhI\">\n<p><a href=\"https:\/\/www.enviro2b.com\/2025\/09\/06\/laustralie-fonce-vers-lasie-a-7-cm-par-an-les-continents-entrent-en-collision-pour-creer-le-supercontinent-amasia-qui-bouleverse-la-planete\/\" rel=\"nofollow noopener\" target=\"_blank\">\u00ab L\u2019Australie fonce vers l\u2019Asie \u00e0 7 cm par an \u00bb : les continents entrent en collision pour cr\u00e9er le supercontinent Amasia qui bouleverse la plan\u00e8te<\/a><\/p>\n<\/blockquote>\n<p>R\u00e9\u00e9valuation des fossiles et d\u00e9couvertes futures<\/p>\n<p>La d\u00e9couverte de Craspedochelys renzi met en lumi\u00e8re une le\u00e7on importante en pal\u00e9ontologie : la valeur de revisiter les collections fossiles anciennes. Les sp\u00e9cimens historiques, souvent n\u00e9glig\u00e9s pendant des d\u00e9cennies, ont le potentiel d\u2019offrir de nouvelles perspectives sur la vie pr\u00e9historique. Ce fossile de tortue est un parfait exemple de la mani\u00e8re dont un objet cach\u00e9 dans un mus\u00e9e pendant des ann\u00e9es peut encore d\u00e9tenir la cl\u00e9 pour d\u00e9bloquer de nouvelles connaissances.<\/p>\n<p>L\u2019importance de cette d\u00e9couverte s\u2019\u00e9tend \u00e9galement au-del\u00e0 du fossile lui-m\u00eame. Elle met en \u00e9vidence l\u2019histoire pal\u00e9obiog\u00e9ographique complexe des tortues c\u00f4ti\u00e8res et marines pendant le Cr\u00e9tac\u00e9 inf\u00e9rieur. La formation de Moina et ses fossiles associ\u00e9s offrent un aper\u00e7u unique de la diversit\u00e9 de la vie marine \u00e0 cette \u00e9poque. De plus, la d\u00e9couverte souligne les relations phylog\u00e9n\u00e9tiques en \u00e9volution et souvent controvers\u00e9es au sein du groupe des thalassochelydiens, qui demeurent un domaine de recherche en cours.<\/p>\n<p>Perspectives de recherche<\/p>\n<p>Les pal\u00e9ontologues soulignent que cette d\u00e9couverte contribue \u00e0 une compr\u00e9hension plus large des dynamiques \u00e9volutives des thalassochelydiens et invite \u00e0 poursuivre les recherches sur leurs trajectoires \u00e9volutives encore incertaines. Alors que d\u2019autres collections historiques sont r\u00e9\u00e9valu\u00e9es, les pal\u00e9ontologues pourraient trouver encore plus de fossiles importants qui \u00e9largissent notre connaissance des tortues marines anciennes et de leurs trajectoires \u00e9volutives.<\/p>\n<p>Avec ces nouvelles perspectives en t\u00eate, la question se pose : quelles autres d\u00e9couvertes potentielles dorment encore dans les collections mus\u00e9ales autour du monde, pr\u00eates \u00e0 r\u00e9v\u00e9ler des secrets enfouis de notre histoire naturelle ?<\/p>\n<p>Cet article s\u2019appuie sur des sources v\u00e9rifi\u00e9es et l\u2019assistance de technologies \u00e9ditoriales.<\/p>\n<p id=\"rating\">\u00c7a vous a plu ?\u00a04.5\/5 (27)<\/p>\n","protected":false},"excerpt":{"rendered":"EN BREF \ud83e\udde9 D\u00e9couverte d\u2019une esp\u00e8ce de tortue marine, Craspedochelys renzi, datant du Cr\u00e9tac\u00e9 inf\u00e9rieur. \ud83d\udd0d Fossile identifi\u00e9&hellip;\n","protected":false},"author":2,"featured_media":395610,"comment_status":"","ping_status":"","sticky":false,"template":"","format":"standard","meta":{"footnotes":""},"categories":[7],"tags":[1011,27,43,40,41,39,42,44],"class_list":{"0":"post-395609","1":"post","2":"type-post","3":"status-publish","4":"format-standard","5":"has-post-thumbnail","7":"category-sciences-et-technologies","8":"tag-fr","9":"tag-france","10":"tag-science","11":"tag-science-and-technology","12":"tag-sciences","13":"tag-sciences-et-technologies","14":"tag-technologies","15":"tag-technology"},"share_on_mastodon":{"url":"https:\/\/pubeurope.com\/@fr\/115215245209586322","error":""},"_links":{"self":[{"href":"https:\/\/www.europesays.com\/fr\/wp-json\/wp\/v2\/posts\/395609","targetHints":{"allow":["GET"]}}],"collection":[{"href":"https:\/\/www.europesays.com\/fr\/wp-json\/wp\/v2\/posts"}],"about":[{"href":"https:\/\/www.europesays.com\/fr\/wp-json\/wp\/v2\/types\/post"}],"author":[{"embeddable":true,"href":"https:\/\/www.europesays.com\/fr\/wp-json\/wp\/v2\/users\/2"}],"replies":[{"embeddable":true,"href":"https:\/\/www.europesays.com\/fr\/wp-json\/wp\/v2\/comments?post=395609"}],"version-history":[{"count":0,"href":"https:\/\/www.europesays.com\/fr\/wp-json\/wp\/v2\/posts\/395609\/revisions"}],"wp:featuredmedia":[{"embeddable":true,"href":"https:\/\/www.europesays.com\/fr\/wp-json\/wp\/v2\/media\/395610"}],"wp:attachment":[{"href":"https:\/\/www.europesays.com\/fr\/wp-json\/wp\/v2\/media?parent=395609"}],"wp:term":[{"taxonomy":"category","embeddable":true,"href":"https:\/\/www.europesays.com\/fr\/wp-json\/wp\/v2\/categories?post=395609"},{"taxonomy":"post_tag","embeddable":true,"href":"https:\/\/www.europesays.com\/fr\/wp-json\/wp\/v2\/tags?post=395609"}],"curies":[{"name":"wp","href":"https:\/\/api.w.org\/{rel}","templated":true}]}}