{"id":395611,"date":"2025-09-16T17:51:14","date_gmt":"2025-09-16T17:51:14","guid":{"rendered":"https:\/\/www.europesays.com\/fr\/395611\/"},"modified":"2025-09-16T17:51:14","modified_gmt":"2025-09-16T17:51:14","slug":"paul-bulcke-demissionne-de-la-presidence-du-conseil-dadministration","status":"publish","type":"post","link":"https:\/\/www.europesays.com\/fr\/395611\/","title":{"rendered":"Paul Bulcke d\u00e9missionne de la pr\u00e9sidence du conseil d\u2019administration"},"content":{"rendered":"<p>Pr\u00e9sident depuis 2017, il laissera avec sept mois d\u2019avance sa place \u00e0 l\u2019Espagnol Pablo Isla.<\/p>\n<p class=\"fig-paragraph\">L\u2019affaire Freixe n\u2019en finit plus de bousculer\u00a0<a href=\"https:\/\/www.lefigaro.fr\/tag\/nestle\" target=\"_blank\" rel=\"sponsored noopener nofollow\" data-gtm-custom-categorie=\"navigation\" data-gtm-custom-action=\"crossclick\" data-gtm-custom-label=\"Contextuel\" data-gtm-event=\"customEventSPE\">Nestl\u00e9<\/a>. Fragilis\u00e9 depuis un mois par le d\u00e9part pr\u00e9cipit\u00e9 de l\u2019administrateur d\u00e9l\u00e9gu\u00e9 de Nestl\u00e9 (le deuxi\u00e8me en un an), Paul Bulcke d\u00e9missionne. Le pr\u00e9sident du g\u00e9ant suisse depuis 2017, qui avait d\u00e9j\u00e0 annonc\u00e9 qu\u2019il ne se repr\u00e9senterait pas en avril 2026, \u00abd\u00e9cide de se retirer de ses fonctions\u00bb, a annonc\u00e9 le groupe ce mardi, soit avec sept mois d\u2019avance par rapport au calendrier pr\u00e9vu. Pablo Isla, actuel vice-pr\u00e9sident et successeur d\u00e9sign\u00e9, assumera donc la pr\u00e9sidence d\u00e8s le 1er octobre. L\u2019Espagnol \u00e9tait patron d\u2019Inditex jusqu\u2019en 2022.<\/p>\n<p>\u00abNombreuses ann\u00e9es de service d\u00e9vou\u00e9\u00bb<\/p>\n<p class=\"fig-paragraph\">\u00abJ\u2019ai pleinement confiance dans la nouvelle direction de Nestl\u00e9 et je suis fermement convaincu que cette entreprise formidable est bien positionn\u00e9e pour l\u2019avenir. Pour moi, c\u2019est le bon moment de prendre ma retraite et d\u2019acc\u00e9l\u00e9rer la transition pr\u00e9vue\u00bb, a d\u00e9clar\u00e9 Paul Bulcke dans un communiqu\u00e9, apr\u00e8s pr\u00e8s d\u2019un demi-si\u00e8cle de carri\u00e8re chez le propri\u00e9taire de Nescaf\u00e9, Nespresso, Kitkat, ou Perrier. Il restera pr\u00e9sident d\u2019honneur du groupe, \u00aben reconnaissance de ses nombreuses ann\u00e9es de service d\u00e9vou\u00e9\u00bb, a d\u00e9taill\u00e9 Pablo Isla.<\/p>\n<p>                                    <a class=\"fig-a11y-skip a11y-hidden\" href=\"#fig-a11y-skip-main-inarticle\"><br \/>\n        Passer la publicit\u00e9<br \/>\n    <\/a><\/p>\n<p class=\"fig-paragraph\">Il y a 15 jours, le groupe avait annonc\u00e9 le d\u00e9part de son patron depuis un an, Laurent Freixe,\u00a0<a href=\"http:\/\/www.lefigaro.fr\/societes\/le-patron-de-nestle-contraint-a-la-demission-immediate-pour-cause-de-relation-avec-une-subordonnee-directe-20250901\" data-fig-type=\"NewsFlash\" data-gtm-custom-categorie=\"navigation\" data-gtm-custom-action=\"crossclick\" data-gtm-custom-label=\"Contextuel\" data-gtm-event=\"customEventSPE\" data-fig-domain=\"LEFIGARO\" rel=\"nofollow noopener\" target=\"_blank\">accus\u00e9 d\u2019avoir dissimul\u00e9 une relation amoureuse avec une subordonn\u00e9e directe<\/a>. Depuis la pression s\u2019\u00e9tait accrue sur la gouvernance de Nestl\u00e9, jug\u00e9e d\u00e9faillante. Et notamment sur le pr\u00e9sident du conseil, point\u00e9 du doigt par des grands actionnaires de Nestl\u00e9\u00a0<a href=\"http:\/\/www.lefigaro.fr\/societes\/c-est-une-question-de-decence-apres-l-affaire-freixe-des-actionnaires-reclament-le-depart-du-president-de-nestle-20250914\" data-fig-type=\"Article\" data-gtm-custom-categorie=\"navigation\" data-gtm-custom-action=\"crossclick\" data-gtm-custom-label=\"Contextuel\" data-gtm-event=\"customEventSPE\" data-fig-domain=\"LEFIGARO\" rel=\"nofollow noopener\" target=\"_blank\">pour avoir contribu\u00e9 \u00e0 fragiliser le groupe<\/a>. \u00ab Au nom du Conseil d\u2019administration, je tiens \u00e0 exprimer notre profonde gratitude \u00e0 Paul pour son leadership exceptionnel et son engagement ind\u00e9fectible envers Nestl\u00e9 (&#8230;)\u00a0\u00bb, a ajout\u00e9 Pablo Isla.<\/p>\n","protected":false},"excerpt":{"rendered":"Pr\u00e9sident depuis 2017, il laissera avec sept mois d\u2019avance sa place \u00e0 l\u2019Espagnol Pablo Isla. L\u2019affaire Freixe n\u2019en&hellip;\n","protected":false},"author":2,"featured_media":395612,"comment_status":"","ping_status":"","sticky":false,"template":"","format":"standard","meta":{"footnotes":""},"categories":[6],"tags":[35,33,34,1011,27,5824],"class_list":{"0":"post-395611","1":"post","2":"type-post","3":"status-publish","4":"format-standard","5":"has-post-thumbnail","7":"category-economie","8":"tag-business","9":"tag-economie","10":"tag-economy","11":"tag-fr","12":"tag-france","13":"tag-nestle"},"share_on_mastodon":{"url":"https:\/\/pubeurope.com\/@fr\/115215249147575006","error":""},"_links":{"self":[{"href":"https:\/\/www.europesays.com\/fr\/wp-json\/wp\/v2\/posts\/395611","targetHints":{"allow":["GET"]}}],"collection":[{"href":"https:\/\/www.europesays.com\/fr\/wp-json\/wp\/v2\/posts"}],"about":[{"href":"https:\/\/www.europesays.com\/fr\/wp-json\/wp\/v2\/types\/post"}],"author":[{"embeddable":true,"href":"https:\/\/www.europesays.com\/fr\/wp-json\/wp\/v2\/users\/2"}],"replies":[{"embeddable":true,"href":"https:\/\/www.europesays.com\/fr\/wp-json\/wp\/v2\/comments?post=395611"}],"version-history":[{"count":0,"href":"https:\/\/www.europesays.com\/fr\/wp-json\/wp\/v2\/posts\/395611\/revisions"}],"wp:featuredmedia":[{"embeddable":true,"href":"https:\/\/www.europesays.com\/fr\/wp-json\/wp\/v2\/media\/395612"}],"wp:attachment":[{"href":"https:\/\/www.europesays.com\/fr\/wp-json\/wp\/v2\/media?parent=395611"}],"wp:term":[{"taxonomy":"category","embeddable":true,"href":"https:\/\/www.europesays.com\/fr\/wp-json\/wp\/v2\/categories?post=395611"},{"taxonomy":"post_tag","embeddable":true,"href":"https:\/\/www.europesays.com\/fr\/wp-json\/wp\/v2\/tags?post=395611"}],"curies":[{"name":"wp","href":"https:\/\/api.w.org\/{rel}","templated":true}]}}