{"id":39564,"date":"2025-04-20T18:51:09","date_gmt":"2025-04-20T18:51:09","guid":{"rendered":"https:\/\/www.europesays.com\/fr\/39564\/"},"modified":"2025-04-20T18:51:09","modified_gmt":"2025-04-20T18:51:09","slug":"apres-avoir-ramene-la-flamme-olympique-a-bord-du-belem-a-marseille-manon-reve-de-devenir-matelot","status":"publish","type":"post","link":"https:\/\/www.europesays.com\/fr\/39564\/","title":{"rendered":"Apr\u00e8s avoir ramen\u00e9 la flamme olympique \u00e0 bord du Belem \u00e0 Marseille, Manon r\u00eave de devenir matelot"},"content":{"rendered":"<p>C\u2019est une de ces exp\u00e9riences qui changent le cours de votre vie. S\u00e9lectionn\u00e9e avec quatorze autres \u00ab\u00a0\u00e9claireurs\u00a0\u00bb par la Caisse d\u2019\u00c9pargne C\u00f4te d\u2019Azur pour ramener la flamme olympique depuis Ath\u00e8nes jusqu\u2019\u00e0 la Cit\u00e9 phoc\u00e9enne, Manon Guariglia-Marseille n\u2019en a pas fini avec la marine \u00e0 voile.<\/p>\n<p>Un an apr\u00e8s l\u2019arriv\u00e9e triomphale du trois-m\u00e2ts dans le Vieux-Port de Marseille, la jeune Varoise, originaire de Tourves, ne r\u00eave que d\u2019une chose: reprendre la mer au plus vite! Et pour mettre toutes les chances de son c\u00f4t\u00e9, elle suit, depuis le 7 avril dernier, les cours de l\u2019\u00c9cole des formations maritimes des Sables-d\u2019Olonne, en Vend\u00e9e, afin de devenir matelot.<\/p>\n<p>L\u2019amour des grands voiliers<\/p>\n<p>\u00c0 25 ans, Manon ne se voit plus travailler \u00ab\u00a0confin\u00e9e dans un bureau\u00a0\u00bb. Elle a besoin d\u2019aventure, de respirer l\u2019air du grand large. Quant \u00e0 g\u00e9rer une maison de compagnons du devoir, un univers qu\u2019elle avait d\u00e9couvert avec joie en apprenant la boulangerie, sans en abandonner l\u2019id\u00e9e, elle estime qu\u2019elle a encore le temps. \u00ab\u00a0Je suis encore jeune pour m\u2019encha\u00eener \u00e0 une maison de compagnons du devoir. Et puis \u00e0 bord du Belem, j\u2019ai retrouv\u00e9 cette fraternit\u00e9 que j\u2019avais appr\u00e9ci\u00e9e dans le compagnonnage. Pour l\u2019heure, j\u2019ai envie de voyager, de naviguer, de prolonger l\u2019aventure en mer\u00a0\u00bb, confie-t-elle.<\/p>\n<p>Si son apprentissage de marin commence \u00e0 peine, Manon a une id\u00e9e assez claire de son avenir sur les flots. \u00ab\u00a0\u00c0 terme, ce qui me plairait, c\u2019est de naviguer sur des vieux gr\u00e9ements. L\u2019exp\u00e9rience v\u00e9cue \u00e0 bord du Belem a vraiment \u00e9t\u00e9 extraordinaire. Embarquer \u00e0 bord des nouveaux cargos \u00e0 voile m\u2019int\u00e9resserait \u00e9galement. Mais je suis consciente que je n\u2019ai pas encore beaucoup d\u2019exp\u00e9rience, ni de relations dans ce milieu, alors je prendrai ce qui s\u2019offre \u00e0 moi pour faire mes premi\u00e8res armes\u00a0\u00bb, d\u00e9clare la jeune femme.<\/p>\n<p>La Tall Ship Race \u00e0 l\u2019horizon<\/p>\n<p>Alors que les cours se termineront le 27 juin, Manon sait d\u00e9j\u00e0 ce qu\u2019elle fera cet \u00e9t\u00e9. \u00ab\u00a0Gr\u00e2ce \u00e0 la Caisse d\u2019\u00c9pargne C\u00f4te d\u2019Azur, je vais \u00e0 nouveau embarquer \u00e0 bord du Belem qui participera \u00e0 la Tall Ship Race, la fameuse course des grands voiliers\u00a0\u00bb, glisse-t-elle avec envie. Mais en attendant de larguer les amarres, de go\u00fbter \u00e0 nouveau \u00e0 l\u2019ivresse des appareillages, elle apprend le m\u00e9tier. \u00ab\u00a0La formation est concentr\u00e9e sur trois mois, alors l\u2018emploi du temps est dense. En ce moment on est form\u00e9 \u00e0 la s\u00e9curit\u00e9. Aussi bien la lutte contre les incendies, que la mise en \u0153uvre des embarcations de sauvetage. Mais on doit \u00e9galement apprendre les n\u0153uds et autres techniques de matelotage\u00a0\u00bb, d\u00e9taille Manon. Avant de confier, dans un sourire: \u00ab\u00a0L\u2019\u00e9t\u00e9 dernier, j\u2019avais d\u00e9j\u00e0 appris \u00e0 faire des \u00e9pissures avec les marins du Belem. Normalement, il doit toujours y en avoir \u00e0 bord\u00a0\u00bb.<\/p>\n","protected":false},"excerpt":{"rendered":"C\u2019est une de ces exp\u00e9riences qui changent le cours de votre vie. S\u00e9lectionn\u00e9e avec quatorze autres \u00ab\u00a0\u00e9claireurs\u00a0\u00bb par&hellip;\n","protected":false},"author":2,"featured_media":39565,"comment_status":"","ping_status":"","sticky":false,"template":"","format":"standard","meta":{"footnotes":""},"categories":[2814],"tags":[1111,11,11130,1777,674,7186,1011,27,3996,884,12,882,25],"class_list":{"0":"post-39564","1":"post","2":"type-post","3":"status-publish","4":"format-standard","5":"has-post-thumbnail","7":"category-marseille","8":"tag-actu","9":"tag-actualites","10":"tag-belle-histoire","11":"tag-eu","12":"tag-europe","13":"tag-festivites","14":"tag-fr","15":"tag-france","16":"tag-jeux-olympiques","17":"tag-marseille","18":"tag-news","19":"tag-provence-alpes-cote-dazur","20":"tag-republique-francaise"},"share_on_mastodon":{"url":"https:\/\/pubeurope.com\/@fr\/114371800940267291","error":""},"_links":{"self":[{"href":"https:\/\/www.europesays.com\/fr\/wp-json\/wp\/v2\/posts\/39564","targetHints":{"allow":["GET"]}}],"collection":[{"href":"https:\/\/www.europesays.com\/fr\/wp-json\/wp\/v2\/posts"}],"about":[{"href":"https:\/\/www.europesays.com\/fr\/wp-json\/wp\/v2\/types\/post"}],"author":[{"embeddable":true,"href":"https:\/\/www.europesays.com\/fr\/wp-json\/wp\/v2\/users\/2"}],"replies":[{"embeddable":true,"href":"https:\/\/www.europesays.com\/fr\/wp-json\/wp\/v2\/comments?post=39564"}],"version-history":[{"count":0,"href":"https:\/\/www.europesays.com\/fr\/wp-json\/wp\/v2\/posts\/39564\/revisions"}],"wp:featuredmedia":[{"embeddable":true,"href":"https:\/\/www.europesays.com\/fr\/wp-json\/wp\/v2\/media\/39565"}],"wp:attachment":[{"href":"https:\/\/www.europesays.com\/fr\/wp-json\/wp\/v2\/media?parent=39564"}],"wp:term":[{"taxonomy":"category","embeddable":true,"href":"https:\/\/www.europesays.com\/fr\/wp-json\/wp\/v2\/categories?post=39564"},{"taxonomy":"post_tag","embeddable":true,"href":"https:\/\/www.europesays.com\/fr\/wp-json\/wp\/v2\/tags?post=39564"}],"curies":[{"name":"wp","href":"https:\/\/api.w.org\/{rel}","templated":true}]}}