{"id":395650,"date":"2025-09-16T18:12:15","date_gmt":"2025-09-16T18:12:15","guid":{"rendered":"https:\/\/www.europesays.com\/fr\/395650\/"},"modified":"2025-09-16T18:12:15","modified_gmt":"2025-09-16T18:12:15","slug":"operation-dame-blanche-un-reseau-de-trafic-de-stupefiants-demantele-pres-de-nice-cinq-personnes-interpellees","status":"publish","type":"post","link":"https:\/\/www.europesays.com\/fr\/395650\/","title":{"rendered":"Op\u00e9ration \u00ab\u00a0Dame Blanche\u00a0\u00bb: un r\u00e9seau de trafic de stup\u00e9fiants d\u00e9mantel\u00e9 pr\u00e8s de Nice, cinq personnes interpell\u00e9es"},"content":{"rendered":"<p>L&rsquo;op\u00e9ration a \u00e9t\u00e9 baptis\u00e9e \u00ab\u00a0Dame Blanche\u00a0\u00bb. <strong>Cinq personnes<\/strong> ont \u00e9t\u00e9 <strong>interpell\u00e9es<\/strong> ce lundi 8 septembre 2025 dans le secteur de <strong>Carros<\/strong>,\u00a0dans le cadre d&rsquo;une enqu\u00eate de plusieurs mois ayant abouti au d\u00e9mant\u00e8lement d&rsquo;un <strong>r\u00e9seau de trafic de stup\u00e9fiants<\/strong>.\u00a0<\/p>\n<p>\u00ab\u00a0Les perquisitions men\u00e9es aux domiciles des mis en cause ont permis la d\u00e9couverte d&rsquo;importantes quantit\u00e9s de <strong>coca\u00efne<\/strong> et de <strong>cannabis<\/strong>\u00ab\u00a0, a indiqu\u00e9 le parquet de Grasse dans un communiqu\u00e9 diffus\u00e9 ce mardi 16 septembre.\u00a0<\/p>\n<p>Plus de 64.000 euros ont \u00e9t\u00e9 saisis sur les comptes bancaires du principal mis en cause, ainsi qu&rsquo;une Porsche Cayenne, une Audi S3 et un Tmax.\u00a0<\/p>\n<p><strong>D\u00e9tention provisoire<\/strong><\/p>\n<p>\u00ab\u00a0\u00c0 l&rsquo;issue de leur garde \u00e0 vue, toutes les personnes ont \u00e9t\u00e9 d\u00e9f\u00e9r\u00e9es, a pr\u00e9cis\u00e9 le parquet de Grasse. Quatre ont accept\u00e9 la peine qui leur a \u00e9t\u00e9 propos\u00e9e par le minist\u00e8re public, la plus importante ayant \u00e9t\u00e9 de <strong>24 mois d\u2019emprisonnement avec sursis<\/strong>.\u00a0\u00bb<\/p>\n<p>Le suspect le plus impliqu\u00e9 dans l&rsquo;affaire, en \u00e9tat de r\u00e9cidive l\u00e9gale, a \u00e9t\u00e9 plac\u00e9 en d\u00e9tention provisoire dans l&rsquo;attente de son jugement pr\u00e9vu le 19 novembre 2025.\u00a0<\/p>\n<p>Des enqu\u00eates incidentes ont \u00e9t\u00e9 ouvertes pour <strong>blanchiment<\/strong> et non-justification de ressources.<\/p>\n","protected":false},"excerpt":{"rendered":"L&rsquo;op\u00e9ration a \u00e9t\u00e9 baptis\u00e9e \u00ab\u00a0Dame Blanche\u00a0\u00bb. Cinq personnes ont \u00e9t\u00e9 interpell\u00e9es ce lundi 8 septembre 2025 dans le&hellip;\n","protected":false},"author":2,"featured_media":395651,"comment_status":"","ping_status":"","sticky":false,"template":"","format":"standard","meta":{"footnotes":""},"categories":[2819],"tags":[1111,11,1777,674,118,1011,27,12,2401,882,25],"class_list":{"0":"post-395650","1":"post","2":"type-post","3":"status-publish","4":"format-standard","5":"has-post-thumbnail","7":"category-nice","8":"tag-actu","9":"tag-actualites","10":"tag-eu","11":"tag-europe","12":"tag-faits-divers","13":"tag-fr","14":"tag-france","15":"tag-news","16":"tag-nice","17":"tag-provence-alpes-cote-dazur","18":"tag-republique-francaise"},"share_on_mastodon":{"url":"https:\/\/pubeurope.com\/@fr\/115215331889292770","error":""},"_links":{"self":[{"href":"https:\/\/www.europesays.com\/fr\/wp-json\/wp\/v2\/posts\/395650","targetHints":{"allow":["GET"]}}],"collection":[{"href":"https:\/\/www.europesays.com\/fr\/wp-json\/wp\/v2\/posts"}],"about":[{"href":"https:\/\/www.europesays.com\/fr\/wp-json\/wp\/v2\/types\/post"}],"author":[{"embeddable":true,"href":"https:\/\/www.europesays.com\/fr\/wp-json\/wp\/v2\/users\/2"}],"replies":[{"embeddable":true,"href":"https:\/\/www.europesays.com\/fr\/wp-json\/wp\/v2\/comments?post=395650"}],"version-history":[{"count":0,"href":"https:\/\/www.europesays.com\/fr\/wp-json\/wp\/v2\/posts\/395650\/revisions"}],"wp:featuredmedia":[{"embeddable":true,"href":"https:\/\/www.europesays.com\/fr\/wp-json\/wp\/v2\/media\/395651"}],"wp:attachment":[{"href":"https:\/\/www.europesays.com\/fr\/wp-json\/wp\/v2\/media?parent=395650"}],"wp:term":[{"taxonomy":"category","embeddable":true,"href":"https:\/\/www.europesays.com\/fr\/wp-json\/wp\/v2\/categories?post=395650"},{"taxonomy":"post_tag","embeddable":true,"href":"https:\/\/www.europesays.com\/fr\/wp-json\/wp\/v2\/tags?post=395650"}],"curies":[{"name":"wp","href":"https:\/\/api.w.org\/{rel}","templated":true}]}}