{"id":395652,"date":"2025-09-16T18:13:15","date_gmt":"2025-09-16T18:13:15","guid":{"rendered":"https:\/\/www.europesays.com\/fr\/395652\/"},"modified":"2025-09-16T18:13:15","modified_gmt":"2025-09-16T18:13:15","slug":"a-nice-une-operation-antimoustiques-pour-prevenir-lexplosion-de-cas-chikungunya-liberation","status":"publish","type":"post","link":"https:\/\/www.europesays.com\/fr\/395652\/","title":{"rendered":"\u00e0 Nice, une op\u00e9ration antimoustiques pour pr\u00e9venir l\u2019explosion de cas chikungunya \u2013 Lib\u00e9ration"},"content":{"rendered":"<p class=\"sc-cPiKLX AiZTS text-element\">A 3 heures du matin, le moustique tigre dort \u00e0 poings ferm\u00e9s. Il est au beau milieu de sa nuit, bien blotti dans les buissons et les bosquets du parc Jean-Moreno de Nice. A ce moment-l\u00e0, il ne vole pas, il ne pique pas. St\u00e9phane Favier, op\u00e9rateur en d\u00e9moustication, pulv\u00e9rise alors le pesticide sur son \u00abg\u00eete de repos\u00bb. L\u2019aedes albopictus mourra dans son sommeil, cette nuit de lundi 15 \u00e0 mardi 16 septembre. S\u2019il est chass\u00e9 et tu\u00e9, c\u2019est que l\u2019insecte volant est vecteur de virus. En cette fin d\u2019\u00e9t\u00e9, la r\u00e9gion Provence-Alpes-C\u00f4te-d\u2019Azur (Paca) conna\u00eet <a href=\"https:\/\/www.liberation.fr\/societe\/sante\/chikungunya-la-france-metropolitaine-enregistre-un-nombre-de-cas-jamais-observes-jusqua-present-en-cette-saison-20250625_NLZ6ARDRCZBI5PHWZBYXRVMETY\/\" target=\"_blank\" rel=\"noreferrer nofollow noopener\" title=\"https:\/\/www.liberation.fr\/societe\/sante\/chikungunya-la-france-metropolitaine-enregistre-un-nombre-de-cas-jamais-observes-jusqua-present-en-cette-saison-20250625_NLZ6ARDRCZBI5PHWZBYXRVMETY\/\">une recrudescence record de cas de chikungunya<\/a> \u2013\u200amaladie virale qui se caract\u00e9rise par des fortes fi\u00e8vres et d\u2019intenses douleurs musculaires. Elle est la r\u00e9gion la plus affect\u00e9e selon l\u2019agence r\u00e9gionale de sant\u00e9 (ARS), qui y a rep\u00e9r\u00e9 \u00abplusieurs zones de circulation\u00bb, avec 194 cas autochtones sur les 382 que compte la France hexagonale, dont 71 rien que dans le plus gros cluster d\u2019Antibes. Cas autochtones car ces Azur\u00e9ens ont d\u00e9clar\u00e9 la maladie exotique sans jamais avoir s\u00e9journ\u00e9 sous le <\/p>\n","protected":false},"excerpt":{"rendered":"A 3 heures du matin, le moustique tigre dort \u00e0 poings ferm\u00e9s. Il est au beau milieu de&hellip;\n","protected":false},"author":2,"featured_media":395653,"comment_status":"","ping_status":"","sticky":false,"template":"","format":"standard","meta":{"footnotes":""},"categories":[2819],"tags":[1111,11,6443,1777,674,1011,27,12,2401,882,25,20966,52767],"class_list":{"0":"post-395652","1":"post","2":"type-post","3":"status-publish","4":"format-standard","5":"has-post-thumbnail","7":"category-nice","8":"tag-actu","9":"tag-actualites","10":"tag-chikungunya","11":"tag-eu","12":"tag-europe","13":"tag-fr","14":"tag-france","15":"tag-news","16":"tag-nice","17":"tag-provence-alpes-cote-dazur","18":"tag-republique-francaise","19":"tag-zika","20":"tag-zika-une-menace-mondiale"},"share_on_mastodon":{"url":"https:\/\/pubeurope.com\/@fr\/115215335711239929","error":""},"_links":{"self":[{"href":"https:\/\/www.europesays.com\/fr\/wp-json\/wp\/v2\/posts\/395652","targetHints":{"allow":["GET"]}}],"collection":[{"href":"https:\/\/www.europesays.com\/fr\/wp-json\/wp\/v2\/posts"}],"about":[{"href":"https:\/\/www.europesays.com\/fr\/wp-json\/wp\/v2\/types\/post"}],"author":[{"embeddable":true,"href":"https:\/\/www.europesays.com\/fr\/wp-json\/wp\/v2\/users\/2"}],"replies":[{"embeddable":true,"href":"https:\/\/www.europesays.com\/fr\/wp-json\/wp\/v2\/comments?post=395652"}],"version-history":[{"count":0,"href":"https:\/\/www.europesays.com\/fr\/wp-json\/wp\/v2\/posts\/395652\/revisions"}],"wp:featuredmedia":[{"embeddable":true,"href":"https:\/\/www.europesays.com\/fr\/wp-json\/wp\/v2\/media\/395653"}],"wp:attachment":[{"href":"https:\/\/www.europesays.com\/fr\/wp-json\/wp\/v2\/media?parent=395652"}],"wp:term":[{"taxonomy":"category","embeddable":true,"href":"https:\/\/www.europesays.com\/fr\/wp-json\/wp\/v2\/categories?post=395652"},{"taxonomy":"post_tag","embeddable":true,"href":"https:\/\/www.europesays.com\/fr\/wp-json\/wp\/v2\/tags?post=395652"}],"curies":[{"name":"wp","href":"https:\/\/api.w.org\/{rel}","templated":true}]}}