{"id":395654,"date":"2025-09-16T18:14:15","date_gmt":"2025-09-16T18:14:15","guid":{"rendered":"https:\/\/www.europesays.com\/fr\/395654\/"},"modified":"2025-09-16T18:14:15","modified_gmt":"2025-09-16T18:14:15","slug":"victoria-dauberville-classique-la-cite","status":"publish","type":"post","link":"https:\/\/www.europesays.com\/fr\/395654\/","title":{"rendered":"VICTORIA DAUBERVILLE &#8211; CLASSIQUE? &#8211; La Cit\u00e9"},"content":{"rendered":"<p>A la Cit\u00e9 des Congr\u00e8s de Nantes,<br \/>Votre\u00a0billet de spectacle donne acc\u00e8s gratuitement aux transports en commun Naolib* 2 heures avant et 2 heures apr\u00e8s le spectacle dans la limite des horaires de service.<br \/>* Hors Navette A\u00e9roport, TER, tram-train, Parking Relais et pour les dates de validit\u00e9 de ce billet.<\/p>\n<p>Suivre une ballerine qui s\u2019\u00e9chappe litt\u00e9ralement de sa bo\u00eete \u00e0 musique pour d\u00e9couvrir par elle-m\u00eame tout un nouveau monde. Pour se retrouver elle-m\u00eame. Telle une poup\u00e9e, symbole d\u2019une discipline o\u00f9 chaque mouvement est impos\u00e9 et millim\u00e9tr\u00e9, la ballerine fuit ce qui l\u2019a pourtant construite. Elle se d\u00e9couvre elle-m\u00eame \u00e0 travers de multiples rencontres. En traversant de nouveaux espaces, elle rencontre de nouveaux univers, d\u00e9couvre d\u2019autres fa\u00e7ons de danser et d\u2019autres mani\u00e8res d\u2019exister sur sc\u00e8ne.<br \/>Pas \u00e0 pas, comment se d\u00e9tacher des contraintes du ballet traditionnel pour trouver sa propre voie \u2013 une danse qui lui est propre ?<br \/>Une nouvelle pulsion jaillit de l\u2019int\u00e9rieur. Une pulsion du c\u0153ur.<br \/>Un ballet pas si classique que \u00e7a. Sans prince charmant, sans trajectoire toute trac\u00e9e, sans code impos\u00e9. Une qu\u00eate de soi, un ballet-bifurcation. Ici, il ne s\u2019agit pas de reproduire un id\u00e9al, mais de questionner ce que sIgnifie r\u00e9ellement danser. Avec l\u2019autre, avec soi.<br \/>C\u2019est une invitation \u00e0 voir le ballet sous un nouvel angle, tenter de sortir du cadre, des codes et laisser place \u00e0 l\u2019inattendu et au rire.<\/p>\n<p>Pour votre tranquillit\u00e9, achetez vos billets via le site de l\u2019organisateur ou via les r\u00e9seaux habituels.<br \/>La Cit\u00e9 des Congr\u00e8s ne g\u00e8re pas la billetterie des spectacles qu&rsquo;elle accueille.<\/p>\n<p><strong>Auditorium 800 &#8211; Placement num\u00e9rot\u00e9<\/strong>\n\t\t\t\t\t\t\t<\/p>\n","protected":false},"excerpt":{"rendered":"A la Cit\u00e9 des Congr\u00e8s de Nantes,Votre\u00a0billet de spectacle donne acc\u00e8s gratuitement aux transports en commun Naolib* 2&hellip;\n","protected":false},"author":2,"featured_media":395655,"comment_status":"","ping_status":"","sticky":false,"template":"","format":"standard","meta":{"footnotes":""},"categories":[2818],"tags":[1111,11,1777,674,1011,27,766,12,2636,25],"class_list":{"0":"post-395654","1":"post","2":"type-post","3":"status-publish","4":"format-standard","5":"has-post-thumbnail","7":"category-nantes","8":"tag-actu","9":"tag-actualites","10":"tag-eu","11":"tag-europe","12":"tag-fr","13":"tag-france","14":"tag-nantes","15":"tag-news","16":"tag-pays-de-la-loire","17":"tag-republique-francaise"},"share_on_mastodon":{"url":"https:\/\/pubeurope.com\/@fr\/115215339576432129","error":""},"_links":{"self":[{"href":"https:\/\/www.europesays.com\/fr\/wp-json\/wp\/v2\/posts\/395654","targetHints":{"allow":["GET"]}}],"collection":[{"href":"https:\/\/www.europesays.com\/fr\/wp-json\/wp\/v2\/posts"}],"about":[{"href":"https:\/\/www.europesays.com\/fr\/wp-json\/wp\/v2\/types\/post"}],"author":[{"embeddable":true,"href":"https:\/\/www.europesays.com\/fr\/wp-json\/wp\/v2\/users\/2"}],"replies":[{"embeddable":true,"href":"https:\/\/www.europesays.com\/fr\/wp-json\/wp\/v2\/comments?post=395654"}],"version-history":[{"count":0,"href":"https:\/\/www.europesays.com\/fr\/wp-json\/wp\/v2\/posts\/395654\/revisions"}],"wp:featuredmedia":[{"embeddable":true,"href":"https:\/\/www.europesays.com\/fr\/wp-json\/wp\/v2\/media\/395655"}],"wp:attachment":[{"href":"https:\/\/www.europesays.com\/fr\/wp-json\/wp\/v2\/media?parent=395654"}],"wp:term":[{"taxonomy":"category","embeddable":true,"href":"https:\/\/www.europesays.com\/fr\/wp-json\/wp\/v2\/categories?post=395654"},{"taxonomy":"post_tag","embeddable":true,"href":"https:\/\/www.europesays.com\/fr\/wp-json\/wp\/v2\/tags?post=395654"}],"curies":[{"name":"wp","href":"https:\/\/api.w.org\/{rel}","templated":true}]}}