{"id":395658,"date":"2025-09-16T18:16:08","date_gmt":"2025-09-16T18:16:08","guid":{"rendered":"https:\/\/www.europesays.com\/fr\/395658\/"},"modified":"2025-09-16T18:16:08","modified_gmt":"2025-09-16T18:16:08","slug":"a-bordeaux-cet-ambitieux-projet-de-toit-solaire-urbain-est-dans-le-brouillard-qui-va-le-sauver","status":"publish","type":"post","link":"https:\/\/www.europesays.com\/fr\/395658\/","title":{"rendered":"\u00c0 Bordeaux, cet ambitieux projet de toit solaire urbain est dans le brouillard : qui va le sauver\u00a0?"},"content":{"rendered":"<p>            Par<br \/>\n        <strong><br \/>\n            <a href=\"https:\/\/actu.fr\/auteur\/charlotte-lesprit\" title=\"Consulter tous les articles de Charlotte Lesprit\" target=\"_blank\" rel=\"noopener\">Charlotte Lesprit<\/a><br \/>\n        <\/strong><\/p>\n<p>        Publi\u00e9 le<\/p>\n<p>            16 sept. 2025 \u00e0 19h55        <\/p>\n<p>Dans un article publi\u00e9 le 11\u00a0septembre 2025, <a href=\"https:\/\/www.sudouest.fr\/gironde\/bordeaux\/photovoltaique-a-bordeaux-nuages-sur-la-solarisation-de-la-base-sous-marine-avec-la-liquidation-d-everwatt-25887367.php\" target=\"_blank\" rel=\"noopener\">Sud Ouest<\/a> r\u00e9v\u00e9lait qu\u2019EverWatt \u2014 maison m\u00e8re de BoucL \u00c9nergie, la soci\u00e9t\u00e9 en charge de la <strong>solarisation de la base sous-marine<\/strong> \u2014 \u00e9tait en cessation de paiements. La question \u00e9tait alors de savoir si le projet allait voir le jour en mai\u00a02026 comme annonc\u00e9\u2009? \u00c0 la mairie de Bordeaux, la r\u00e9ponse est claire\u2009: \u00ab\u2009L\u2019ambition de <a href=\"https:\/\/actu.fr\/nouvelle-aquitaine\/bordeaux_33063\/sur-le-toit-de-la-base-sous-marine-a-bordeaux-le-photovoltaique-a-grille-d-autres-projets_60638434.html\" target=\"_blank\" rel=\"noopener\">solariser au maximum la ville<\/a> reste intacte\u2009\u00bb, rappelant qu\u2019il s\u2019agit d\u2019un \u00ab\u2009engagement fort\u2009\u00bb de la mandature de Pierre Hurmic.<\/p>\n<p class=\" wall-content\">\u00ab\u2009Le retrait d\u2019actionnaires a naturellement<strong> d\u00e9cal\u00e9 le d\u00e9marrage des travaux<\/strong>, mais nous faisons tout pour que la reprise se fasse rapidement\u2009\u00bb, apprend le service presse de la Ville.<\/p>\n<p>Un \u00ab\u2009repreneur fiable\u2009\u00bb pour poursuivre le chantier<\/p>\n<p class=\" wall-content\">La mairie \u00e9voque ainsi \u00ab\u2009un d\u00e9calage, mais pas un abandon\u2009\u00bb. En effet, elle rappelle que ce projet, qui vise \u00e0 installer des<strong>\u00a0panneaux photovolta\u00efques<\/strong> sur 22\u202f000 m\u00e8tres carr\u00e9s de toit de la base sous-marine, \u00ab\u2009reste solide et attractif\u2009\u00bb. La mairie mentionne apporter une attention particuli\u00e8re \u00e0 la continuit\u00e9 du chantier et \u00e0 la fiabilit\u00e9 du repreneur, davantage qu\u2019au respect strict d\u2019un calendrier pr\u00e9d\u00e9fini.<\/p>\n<blockquote class=\"ac-article-quote wall-content\">\n<p>\u00ab\u2009Depuis que le retard est public, plusieurs porteurs de projets se sont manifest\u00e9s et nous les r\u00e9orientons vers le liquidateur pour qu\u2019un repreneur fiable poursuive l\u2019op\u00e9ration\u2009\u00bb<\/p>\n<p>    <strong>Ville de Bordeaux<\/strong>\n            <\/p><\/blockquote>\n<p class=\" wall-content\">EverWatt, plac\u00e9e en cessation de paiements depuis mars 2025, est sous le contr\u00f4le d\u2019un <strong>liquidateur judiciaire<\/strong> depuis juillet. Coup du sort\u2009: <a href=\"https:\/\/actu.fr\/nouvelle-aquitaine\/bordeaux_33063\/a-bordeaux-la-base-sous-marine-devient-une-centrale-solaire-l-opposition-denonce-un-projet-sans-ambition_62854496.html\" target=\"_blank\" rel=\"noopener\">le premier panneau solaire a \u00e9t\u00e9 pos\u00e9 sur le toit de la base sous-marine<\/a> le 1er\u00a0juillet. \u00ab\u2009Nous avons \u00e9t\u00e9 alert\u00e9s des premi\u00e8res difficult\u00e9s au c\u0153ur de l\u2019\u00e9t\u00e9, alors m\u00eame que tous les engagements contractuels du projet \u00e9taient respect\u00e9s\u2009\u00bb, justifie la Ville.<\/p>\n<p class=\" wall-content\">Pour comprendre ce m\u00e9canisme financier, il faut savoir que la soci\u00e9t\u00e9 BoucL \u00c9nergie, qui g\u00e8re le projet, a deux actionnaires principaux\u2009: le<strong> fonds Conquest<\/strong> et<strong> EverWatt<\/strong>. Or, <a href=\"https:\/\/www.actusnews.com\/fr\/evergreen\/cp\/2025\/08\/25\/extension-de-la-procedure-de-conciliation-jusqu_au-9-septembre-2025-point-sur-la-situation-de-transition-evergreen\" target=\"_blank\" rel=\"noopener\">Transition Evergreen, <\/a>qui est le principal actionnaire d\u2019EverWatt SAS (qui a chang\u00e9 de nom pour devenir TE Holding Solar) et du groupe EverWatt, a frein\u00e9 ses activit\u00e9s ce qui a pouss\u00e9 le dernier \u00e0 d\u00e9clarer sa cessation de paiements fin mars. L\u2019investisseur allemand Conquest a suivi fin ao\u00fbt.<\/p>\n<p>\u00ab\u2009Un contexte national d\u00e9favorable au solaire\u2009\u00bb<\/p>\n<p class=\" wall-content\">\u00ab\u2009Les proc\u00e9dures juridiques autour d\u2019EverWatt se sont succ\u00e9d\u00e9 mais la soci\u00e9t\u00e9 de projet Boucl\u2019\u00e9nergie restait op\u00e9rationnelle jusqu\u2019\u00e0 ce retrait d\u00e9finitif de son autre co-actionnaire, fin ao\u00fbt\u2009\u00bb, confirme la Ville. Cette derni\u00e8re assure que BoucL \u00c9nergie avait \u00e9t\u00e9 retenue \u00e0 l\u2019issue d\u2019un<strong> appel \u00e0 manifestation d\u2019int\u00e9r\u00eat<\/strong> \u00ab\u2009conduit dans les r\u00e8gles, apr\u00e8s analyse technique et financi\u00e8re de plusieurs propositions\u2009\u00bb.<\/p>\n<p>Votre r\u00e9gion, votre actu !<\/p>\n<p>Recevez chaque jour les infos qui comptent pour vous.<\/p>\n<p>\t<a href=\"https:\/\/actu.fr\/newsletter\" class=\"ac-btn ac-btn--corner ac-btn--medium ac-btn--blue800\" target=\"_blank\" rel=\"noopener\">S&rsquo;incrire<\/a><\/p>\n<p class=\" wall-content\">Elle rappelle \u00e9galement \u00ab\u2009un contexte national d\u00e9favorable au solaire\u2009\u00bb. \u00ab\u2009Ni la Ville, ni Bordeaux M\u00e9tropole Am\u00e9nagement (ma\u00eetrise d\u2019ouvrage d\u00e9l\u00e9gu\u00e9e) ne pouvaient anticiper ces d\u00e9cisions purement capitalistiques.\u2009\u00bb<\/p>\n<p class=\" wall-content\">Personnalisez votre actualit\u00e9 en ajoutant vos villes et m\u00e9dias en favori avec <a href=\"https:\/\/moncompte.actu.fr\" title=\"D\u00e9couvez Mon Actu\" rel=\"nofollow noopener\" data-trk=\"{&quot;cta&quot;:{&quot;action&quot;:&quot;https:\\\/\\\/moncompte.actu.fr&quot;,&quot;category&quot;:&quot;mon compte&quot;,&quot;from&quot;:&quot;article footer&quot;,&quot;name&quot;:&quot;Mon actu&quot;,&quot;type&quot;:&quot;cta&quot;}}\" target=\"_blank\">Mon Actu<\/a>.<\/p>\n","protected":false},"excerpt":{"rendered":"Par Charlotte Lesprit Publi\u00e9 le 16 sept. 2025 \u00e0 19h55 Dans un article publi\u00e9 le 11\u00a0septembre 2025, Sud&hellip;\n","protected":false},"author":2,"featured_media":395659,"comment_status":"","ping_status":"","sticky":false,"template":"","format":"standard","meta":{"footnotes":""},"categories":[2817],"tags":[1111,11,1997,2904,436,1777,674,1011,27,12,2219,21812,25,104],"class_list":{"0":"post-395658","1":"post","2":"type-post","3":"status-publish","4":"format-standard","5":"has-post-thumbnail","7":"category-bordeaux","8":"tag-actu","9":"tag-actualites","10":"tag-bordeaux","11":"tag-bordeaux-metropole","12":"tag-environnement","13":"tag-eu","14":"tag-europe","15":"tag-fr","16":"tag-france","17":"tag-news","18":"tag-nouvelle-aquitaine","19":"tag-photovoltaique","20":"tag-republique-francaise","21":"tag-societe"},"share_on_mastodon":{"url":"https:\/\/pubeurope.com\/@fr\/115215347545264038","error":""},"_links":{"self":[{"href":"https:\/\/www.europesays.com\/fr\/wp-json\/wp\/v2\/posts\/395658","targetHints":{"allow":["GET"]}}],"collection":[{"href":"https:\/\/www.europesays.com\/fr\/wp-json\/wp\/v2\/posts"}],"about":[{"href":"https:\/\/www.europesays.com\/fr\/wp-json\/wp\/v2\/types\/post"}],"author":[{"embeddable":true,"href":"https:\/\/www.europesays.com\/fr\/wp-json\/wp\/v2\/users\/2"}],"replies":[{"embeddable":true,"href":"https:\/\/www.europesays.com\/fr\/wp-json\/wp\/v2\/comments?post=395658"}],"version-history":[{"count":0,"href":"https:\/\/www.europesays.com\/fr\/wp-json\/wp\/v2\/posts\/395658\/revisions"}],"wp:featuredmedia":[{"embeddable":true,"href":"https:\/\/www.europesays.com\/fr\/wp-json\/wp\/v2\/media\/395659"}],"wp:attachment":[{"href":"https:\/\/www.europesays.com\/fr\/wp-json\/wp\/v2\/media?parent=395658"}],"wp:term":[{"taxonomy":"category","embeddable":true,"href":"https:\/\/www.europesays.com\/fr\/wp-json\/wp\/v2\/categories?post=395658"},{"taxonomy":"post_tag","embeddable":true,"href":"https:\/\/www.europesays.com\/fr\/wp-json\/wp\/v2\/tags?post=395658"}],"curies":[{"name":"wp","href":"https:\/\/api.w.org\/{rel}","templated":true}]}}