{"id":395662,"date":"2025-09-16T18:18:14","date_gmt":"2025-09-16T18:18:14","guid":{"rendered":"https:\/\/www.europesays.com\/fr\/395662\/"},"modified":"2025-09-16T18:18:14","modified_gmt":"2025-09-16T18:18:14","slug":"toulouse-pour-tenter-de-fuir-la-police-il-se-cache-derriere-un-buisson-puis-saute-dans-le-canal-du-midi","status":"publish","type":"post","link":"https:\/\/www.europesays.com\/fr\/395662\/","title":{"rendered":"Toulouse. Pour tenter de fuir la police, il se cache derri\u00e8re un buisson puis saute dans le canal du Midi"},"content":{"rendered":"<p>            Par<br \/>\n        <strong><br \/>\n            <a href=\"https:\/\/actu.fr\/auteur\/lea-afonso\" title=\"Consulter tous les articles de L\u00e9a Afonso\" rel=\"nofollow noopener\" target=\"_blank\">L\u00e9a Afonso<\/a><br \/>\n        <\/strong><\/p>\n<p>        Publi\u00e9 le<\/p>\n<p>            16 sept. 2025 \u00e0 19h52        <\/p>\n<p>Alors que la <strong>BAC de la rive droite<\/strong> proc\u00e9dait \u00e0 sa patrouille habituelle t\u00f4t ce mardi 16\u00a0septembre 2025, \u00e0 <a href=\"https:\/\/actu.fr\/toulouse\/\" rel=\"nofollow noopener\" target=\"_blank\">Toulouse<\/a>, elle a eu affaire \u00e0 une situation quelque peu cocasse qui s\u2019est termin\u00e9e dans le canal du Midi \u2014 enfin presque. L\u2019histoire.<\/p>\n<p>Un comportement suspect<\/p>\n<p class=\" wall-content\">Il \u00e9tait aux alentours de <strong>4h du matin<\/strong> ce mardi 16 septembre lorsque la BAC de la rive droite patrouillait dans le secteur de la gare Matabiau. C\u2019est alors \u00ab\u2009que les policiers se rendent compte d\u2019un <strong>comportement suspect venant d\u2019un cycliste,<\/strong> sur un v\u00e9lo \u00e9lectrique beau et neuf\u2009\u00bb expliquent les forces de l\u2019ordre.<\/p>\n<p class=\" wall-content\">L\u2019homme \u00ab\u2009prend <strong>un sens interdit et tente de fuir\u2009\u00bb<\/strong> alors que la BAC n\u2019avait rien engag\u00e9.<\/p>\n<p>Il attache le v\u00e9lo, fuit et saute dans le canal<\/p>\n<p class=\" wall-content\">Pris de panique, l\u2019homme se rapproche du secteur du canal, attache le v\u00e9lo et cours \u00e0 toute vitesse. La police d\u00e9cide alors de le prendre en fuite. \u00ab\u2009Il se cache dans un premier temps derri\u00e8re un buisson, puis malgr\u00e9 les sollicitations de nos \u00e9quipes,<strong> plonge dans le canal\u2009\u00bb<\/strong>, continue une source polici\u00e8re.<\/p>\n<p class=\" wall-content\">L\u2019homme de 37 ans sachant tr\u00e8s bien nager, est rest\u00e9 un temps dans l\u2019eau. \u00ab\u2009Il a finalement rejoint l\u2019autre berge, jusqu\u2019\u00e0 ce que la police puisse l\u2019intercepter\u2009\u00bb.<\/p>\n<p>Vid\u00e9os : en ce moment sur ActuUne personne recherch\u00e9e<\/p>\n<p class=\" wall-content\">Cet homme plac\u00e9 d\u00e8s lors en garde \u00e0 vue pour recel de vol \u00e9tait en r\u00e9alit\u00e9 <strong>recherch\u00e9 \u00ab\u2009par la BAC rive droite<\/strong> depuis un certain temps pour <strong>atteinte aux biens<\/strong> sur trois affaires distinctes\u2009\u00bb, termine cette m\u00eame source.<\/p>\n<p class=\" wall-content\">Personnalisez votre actualit\u00e9 en ajoutant vos villes et m\u00e9dias en favori avec <a href=\"https:\/\/moncompte.actu.fr\" title=\"D\u00e9couvez Mon Actu\" rel=\"nofollow noopener\" data-trk=\"{&quot;cta&quot;:{&quot;action&quot;:&quot;https:\\\/\\\/moncompte.actu.fr&quot;,&quot;category&quot;:&quot;mon compte&quot;,&quot;from&quot;:&quot;article footer&quot;,&quot;name&quot;:&quot;Mon actu&quot;,&quot;type&quot;:&quot;cta&quot;}}\" target=\"_blank\">Mon Actu<\/a>.<\/p>\n","protected":false},"excerpt":{"rendered":"Par L\u00e9a Afonso Publi\u00e9 le 16 sept. 2025 \u00e0 19h52 Alors que la BAC de la rive droite&hellip;\n","protected":false},"author":2,"featured_media":395663,"comment_status":"","ping_status":"","sticky":false,"template":"","format":"standard","meta":{"footnotes":""},"categories":[2816],"tags":[1111,11,1777,674,118,1011,27,12,2680,1072,25,2312],"class_list":{"0":"post-395662","1":"post","2":"type-post","3":"status-publish","4":"format-standard","5":"has-post-thumbnail","7":"category-toulouse","8":"tag-actu","9":"tag-actualites","10":"tag-eu","11":"tag-europe","12":"tag-faits-divers","13":"tag-fr","14":"tag-france","15":"tag-news","16":"tag-occitanie","17":"tag-police","18":"tag-republique-francaise","19":"tag-toulouse"},"share_on_mastodon":{"url":"https:\/\/pubeurope.com\/@fr\/115215355377922235","error":""},"_links":{"self":[{"href":"https:\/\/www.europesays.com\/fr\/wp-json\/wp\/v2\/posts\/395662","targetHints":{"allow":["GET"]}}],"collection":[{"href":"https:\/\/www.europesays.com\/fr\/wp-json\/wp\/v2\/posts"}],"about":[{"href":"https:\/\/www.europesays.com\/fr\/wp-json\/wp\/v2\/types\/post"}],"author":[{"embeddable":true,"href":"https:\/\/www.europesays.com\/fr\/wp-json\/wp\/v2\/users\/2"}],"replies":[{"embeddable":true,"href":"https:\/\/www.europesays.com\/fr\/wp-json\/wp\/v2\/comments?post=395662"}],"version-history":[{"count":0,"href":"https:\/\/www.europesays.com\/fr\/wp-json\/wp\/v2\/posts\/395662\/revisions"}],"wp:featuredmedia":[{"embeddable":true,"href":"https:\/\/www.europesays.com\/fr\/wp-json\/wp\/v2\/media\/395663"}],"wp:attachment":[{"href":"https:\/\/www.europesays.com\/fr\/wp-json\/wp\/v2\/media?parent=395662"}],"wp:term":[{"taxonomy":"category","embeddable":true,"href":"https:\/\/www.europesays.com\/fr\/wp-json\/wp\/v2\/categories?post=395662"},{"taxonomy":"post_tag","embeddable":true,"href":"https:\/\/www.europesays.com\/fr\/wp-json\/wp\/v2\/tags?post=395662"}],"curies":[{"name":"wp","href":"https:\/\/api.w.org\/{rel}","templated":true}]}}