{"id":395666,"date":"2025-09-16T18:20:31","date_gmt":"2025-09-16T18:20:31","guid":{"rendered":"https:\/\/www.europesays.com\/fr\/395666\/"},"modified":"2025-09-16T18:20:31","modified_gmt":"2025-09-16T18:20:31","slug":"15-ans-apres-la-premiere-pierre-de-la-caserne-des-pompiers-du-cateau-enfin-posee","status":"publish","type":"post","link":"https:\/\/www.europesays.com\/fr\/395666\/","title":{"rendered":"15 ans apr\u00e8s, la premi\u00e8re pierre de la caserne des pompiers du Cateau enfin pos\u00e9e"},"content":{"rendered":"<p>\t\t\t\t\t\t15 septembre 2025<\/p>\n<p> Lecture 3 minute(s)<\/p>\n<p>\t\t\t\t\t\t\t\t\t\t\t<img decoding=\"async\" src=\"https:\/\/www.europesays.com\/fr\/wp-content\/uploads\/2025\/09\/Perspective-proche-scaled-600x0-c-default.webp.webp\" alt=\"\"\/><\/p>\n<p class=\"legende\">La caserne devrait ouvrir ses portes au premier trimestre 2027, 15 ans apr\u00e8s les premiers projets.<\/p>\n<p>\n\t\t\t\t\t\t\t\tEntre l&rsquo;id\u00e9e et la premi\u00e8re pierre, le projet de la nouvelle caserne des pompiers aura pris quinze ans. Ce vendredi 5 septembre 2025, le maire du Cateau, Serge Sim\u00e9on, a\u2026\n\t\t\t\t\t\t\t<\/p>\n","protected":false},"excerpt":{"rendered":"15 septembre 2025 Lecture 3 minute(s) La caserne devrait ouvrir ses portes au premier trimestre 2027, 15 ans&hellip;\n","protected":false},"author":2,"featured_media":395667,"comment_status":"","ping_status":"","sticky":false,"template":"","format":"standard","meta":{"footnotes":""},"categories":[2815],"tags":[1111,11,1777,674,1011,27,811,1307,12,25],"class_list":{"0":"post-395666","1":"post","2":"type-post","3":"status-publish","4":"format-standard","5":"has-post-thumbnail","7":"category-lille","8":"tag-actu","9":"tag-actualites","10":"tag-eu","11":"tag-europe","12":"tag-fr","13":"tag-france","14":"tag-hauts-de-france","15":"tag-lille","16":"tag-news","17":"tag-republique-francaise"},"share_on_mastodon":{"url":"https:\/\/pubeurope.com\/@fr\/115215363717055892","error":""},"_links":{"self":[{"href":"https:\/\/www.europesays.com\/fr\/wp-json\/wp\/v2\/posts\/395666","targetHints":{"allow":["GET"]}}],"collection":[{"href":"https:\/\/www.europesays.com\/fr\/wp-json\/wp\/v2\/posts"}],"about":[{"href":"https:\/\/www.europesays.com\/fr\/wp-json\/wp\/v2\/types\/post"}],"author":[{"embeddable":true,"href":"https:\/\/www.europesays.com\/fr\/wp-json\/wp\/v2\/users\/2"}],"replies":[{"embeddable":true,"href":"https:\/\/www.europesays.com\/fr\/wp-json\/wp\/v2\/comments?post=395666"}],"version-history":[{"count":0,"href":"https:\/\/www.europesays.com\/fr\/wp-json\/wp\/v2\/posts\/395666\/revisions"}],"wp:featuredmedia":[{"embeddable":true,"href":"https:\/\/www.europesays.com\/fr\/wp-json\/wp\/v2\/media\/395667"}],"wp:attachment":[{"href":"https:\/\/www.europesays.com\/fr\/wp-json\/wp\/v2\/media?parent=395666"}],"wp:term":[{"taxonomy":"category","embeddable":true,"href":"https:\/\/www.europesays.com\/fr\/wp-json\/wp\/v2\/categories?post=395666"},{"taxonomy":"post_tag","embeddable":true,"href":"https:\/\/www.europesays.com\/fr\/wp-json\/wp\/v2\/tags?post=395666"}],"curies":[{"name":"wp","href":"https:\/\/api.w.org\/{rel}","templated":true}]}}