{"id":395668,"date":"2025-09-16T18:21:19","date_gmt":"2025-09-16T18:21:19","guid":{"rendered":"https:\/\/www.europesays.com\/fr\/395668\/"},"modified":"2025-09-16T18:21:19","modified_gmt":"2025-09-16T18:21:19","slug":"un-ancien-colonel-est-juge-apres-avoir-laisse-des-documents-classes-secret-defense-dans-une-maison-laissee-a-labandon","status":"publish","type":"post","link":"https:\/\/www.europesays.com\/fr\/395668\/","title":{"rendered":"un ancien colonel est jug\u00e9 apr\u00e8s avoir laiss\u00e9 des documents class\u00e9s secret-d\u00e9fense dans une maison laiss\u00e9e \u00e0 l&rsquo;abandon"},"content":{"rendered":"<p class=\"description\">Un colonel \u00e0 la retraite a \u00e9t\u00e9 jug\u00e9 mardi \u00e0 Lille pour avoir laiss\u00e9 pendant des ann\u00e9es dans la maison de sa d\u00e9funte m\u00e8re des documents class\u00e9s secret de d\u00e9fense nationale, d\u00e9couverts en 2020 par deux amateurs d&rsquo;\u00aburbex\u00bb, jug\u00e9s \u00e0 ses c\u00f4t\u00e9s. Le procureur a requis deux mois de prison avec sursis contre l&rsquo;ancien colonel et les deux explorateurs urbains. La d\u00e9cision sera rendue le 1er octobre.<\/p>\n","protected":false},"excerpt":{"rendered":"Un colonel \u00e0 la retraite a \u00e9t\u00e9 jug\u00e9 mardi \u00e0 Lille pour avoir laiss\u00e9 pendant des ann\u00e9es dans&hellip;\n","protected":false},"author":2,"featured_media":395669,"comment_status":"","ping_status":"","sticky":false,"template":"","format":"standard","meta":{"footnotes":""},"categories":[2815],"tags":[1111,11,1777,674,1011,27,811,1307,12,25,104,133,9989],"class_list":{"0":"post-395668","1":"post","2":"type-post","3":"status-publish","4":"format-standard","5":"has-post-thumbnail","7":"category-lille","8":"tag-actu","9":"tag-actualites","10":"tag-eu","11":"tag-europe","12":"tag-fr","13":"tag-france","14":"tag-hauts-de-france","15":"tag-lille","16":"tag-news","17":"tag-republique-francaise","18":"tag-societe","19":"tag-video","20":"tag-wochit"},"share_on_mastodon":{"url":"https:\/\/pubeurope.com\/@fr\/115215367185663817","error":""},"_links":{"self":[{"href":"https:\/\/www.europesays.com\/fr\/wp-json\/wp\/v2\/posts\/395668","targetHints":{"allow":["GET"]}}],"collection":[{"href":"https:\/\/www.europesays.com\/fr\/wp-json\/wp\/v2\/posts"}],"about":[{"href":"https:\/\/www.europesays.com\/fr\/wp-json\/wp\/v2\/types\/post"}],"author":[{"embeddable":true,"href":"https:\/\/www.europesays.com\/fr\/wp-json\/wp\/v2\/users\/2"}],"replies":[{"embeddable":true,"href":"https:\/\/www.europesays.com\/fr\/wp-json\/wp\/v2\/comments?post=395668"}],"version-history":[{"count":0,"href":"https:\/\/www.europesays.com\/fr\/wp-json\/wp\/v2\/posts\/395668\/revisions"}],"wp:featuredmedia":[{"embeddable":true,"href":"https:\/\/www.europesays.com\/fr\/wp-json\/wp\/v2\/media\/395669"}],"wp:attachment":[{"href":"https:\/\/www.europesays.com\/fr\/wp-json\/wp\/v2\/media?parent=395668"}],"wp:term":[{"taxonomy":"category","embeddable":true,"href":"https:\/\/www.europesays.com\/fr\/wp-json\/wp\/v2\/categories?post=395668"},{"taxonomy":"post_tag","embeddable":true,"href":"https:\/\/www.europesays.com\/fr\/wp-json\/wp\/v2\/tags?post=395668"}],"curies":[{"name":"wp","href":"https:\/\/api.w.org\/{rel}","templated":true}]}}