{"id":395672,"date":"2025-09-16T18:23:15","date_gmt":"2025-09-16T18:23:15","guid":{"rendered":"https:\/\/www.europesays.com\/fr\/395672\/"},"modified":"2025-09-16T18:23:15","modified_gmt":"2025-09-16T18:23:15","slug":"ligue-des-champions-suivez-le-defi-de-lom-au-real-madrid-sur-ici-provence","status":"publish","type":"post","link":"https:\/\/www.europesays.com\/fr\/395672\/","title":{"rendered":"Ligue des Champions\u00a0: suivez le d\u00e9fi de l&rsquo;OM au Real Madrid sur ICI Provence"},"content":{"rendered":"<p>L&rsquo;entr\u00e9e en lice de l&rsquo;OM en Ligue des Champions se fait par la grande porte\u00a0: d\u00e9fi au Santiago Bernab\u00e9u ce mardi soir face au Real Madrid. Coup d&rsquo;envoi \u00e0 21 heures. Les marseillais peuvent-ils r\u00e9aliser l&rsquo;exploit? Vivez cette affiche en direct et en int\u00e9gralit\u00e9 sur ICI Provence.<\/p>\n<p>C&rsquo;est un d\u00e9fi immense. Et ce serait un exploit monumental en cas de victoire. Les joueurs de l&rsquo;OM d\u00e9fient le Real Madrid, ce soir, sur ses terres, pour le retour du club olympien en Ligue des Champions. Sans le d\u00e9fenseur Aguerd, ni l&rsquo;offensif Traor\u00e9, mais avec plus de 4 000 supporters \u00e0 Madrid et avec l&rsquo;envie de montrer un beau visage. Coup d&rsquo;envoi \u00e0 <strong>21 heures<\/strong>, une rencontre \u00e0 suivre en direct et en int\u00e9gralit\u00e9 sur ICI Provence avec les commentaires de Bruno Blanzat et notre consultant Fabien Laurenti sur place, au stade Bernabeu.<\/p>\n<p>loading<\/p>\n<p>La rencontre sera arbitr\u00e9e par\u00a0<strong>Irfan Peljto<\/strong>. Le Bosnien a d\u00e9j\u00e0 arbitr\u00e9 l&rsquo;OM en 2021 notamment, lors du match\u00a0de Ligue Europa entre Moscou et l&rsquo;OM (1-1), ou encore OM-B\u00e2le en 2022 en Ligue Conf\u00e9rence (victoire 2-1 de l&rsquo;OM en 8e de finale aller).<\/p>\n<p>Suivez le match action par action <\/p>\n<p>loading<\/p>\n<p>Le classement de la Ligue des Champions en temps r\u00e9el <\/p>\n<p>loading<\/p>\n","protected":false},"excerpt":{"rendered":"L&rsquo;entr\u00e9e en lice de l&rsquo;OM en Ligue des Champions se fait par la grande porte\u00a0: d\u00e9fi au Santiago&hellip;\n","protected":false},"author":2,"featured_media":395673,"comment_status":"","ping_status":"","sticky":false,"template":"","format":"standard","meta":{"footnotes":""},"categories":[2814],"tags":[1111,11,1777,674,1011,27,884,12,882,25],"class_list":{"0":"post-395672","1":"post","2":"type-post","3":"status-publish","4":"format-standard","5":"has-post-thumbnail","7":"category-marseille","8":"tag-actu","9":"tag-actualites","10":"tag-eu","11":"tag-europe","12":"tag-fr","13":"tag-france","14":"tag-marseille","15":"tag-news","16":"tag-provence-alpes-cote-dazur","17":"tag-republique-francaise"},"share_on_mastodon":{"url":"https:\/\/pubeurope.com\/@fr\/115215375077678310","error":""},"_links":{"self":[{"href":"https:\/\/www.europesays.com\/fr\/wp-json\/wp\/v2\/posts\/395672","targetHints":{"allow":["GET"]}}],"collection":[{"href":"https:\/\/www.europesays.com\/fr\/wp-json\/wp\/v2\/posts"}],"about":[{"href":"https:\/\/www.europesays.com\/fr\/wp-json\/wp\/v2\/types\/post"}],"author":[{"embeddable":true,"href":"https:\/\/www.europesays.com\/fr\/wp-json\/wp\/v2\/users\/2"}],"replies":[{"embeddable":true,"href":"https:\/\/www.europesays.com\/fr\/wp-json\/wp\/v2\/comments?post=395672"}],"version-history":[{"count":0,"href":"https:\/\/www.europesays.com\/fr\/wp-json\/wp\/v2\/posts\/395672\/revisions"}],"wp:featuredmedia":[{"embeddable":true,"href":"https:\/\/www.europesays.com\/fr\/wp-json\/wp\/v2\/media\/395673"}],"wp:attachment":[{"href":"https:\/\/www.europesays.com\/fr\/wp-json\/wp\/v2\/media?parent=395672"}],"wp:term":[{"taxonomy":"category","embeddable":true,"href":"https:\/\/www.europesays.com\/fr\/wp-json\/wp\/v2\/categories?post=395672"},{"taxonomy":"post_tag","embeddable":true,"href":"https:\/\/www.europesays.com\/fr\/wp-json\/wp\/v2\/tags?post=395672"}],"curies":[{"name":"wp","href":"https:\/\/api.w.org\/{rel}","templated":true}]}}