{"id":395674,"date":"2025-09-16T18:24:15","date_gmt":"2025-09-16T18:24:15","guid":{"rendered":"https:\/\/www.europesays.com\/fr\/395674\/"},"modified":"2025-09-16T18:24:15","modified_gmt":"2025-09-16T18:24:15","slug":"la-police-disperse-un-rassemblement-de-soutien-a-la-palestine","status":"publish","type":"post","link":"https:\/\/www.europesays.com\/fr\/395674\/","title":{"rendered":"la police disperse un rassemblement de soutien \u00e0 la Palestine"},"content":{"rendered":"<p>Des militants pro-Palestine ont manifest\u00e9 leur soutien \u00e0 Gaza \u00e0 l\u2019occasion du salon de l\u2019Alyah, organis\u00e9 par l\u2019agence juive pour Isra\u00ebl, et destin\u00e9 \u00e0 apporter des conseils aux juifs fran\u00e7ais souhaitant immigrer en Isra\u00ebl, qui se tenait ce mardi \u00e0 Lyon (6e).<\/p>\n<p>\u00c0 l\u2019appel de plusieurs organisations, un rassemblement \u00e9tait pr\u00e9vu \u00e0 partir de 16 heures aux Charpennes pour manifester contre ce salon, qui, selon les organisateurs de ce rassemblement, \u00ab\u00a0facilite les d\u00e9marches pour s\u2019installer en Isra\u00ebl mais \u00e9galement sur les territoires palestiniens occup\u00e9s\u00a0\u00bb.<\/p>\n<p>  Pas d\u2019interpellation<\/p>\n<p>Un dispositif policier, comprenant notamment une unit\u00e9 de CRS, avait \u00e9t\u00e9 d\u00e9ploy\u00e9 pr\u00e9ventivement et a emp\u00each\u00e9 les manifestants du salon. Repouss\u00e9s par les forces de l\u2019ordre, ils ont d\u00e9cid\u00e9 de se replier vers le consistoire isra\u00e9lite de la rue Duguesclin. Une centaine de personnes se sont ainsi regroup\u00e9es \u00e0 proximit\u00e9, avant d\u2019\u00eatre dispers\u00e9es par la police en fin de journ\u00e9e. Aucune interpellation n\u2019a eu lieu.<\/p>\n<p>Des groupes se sont ensuite rendus place Guichard, devant la Bourse du Travail, pour continuer \u00e0 manifester.<\/p>\n<p>Il y a deux ans, des affrontements s\u2019\u00e9taient produits aux abords du salon de l\u2019Alyah et, le 20\u00a0mai dernier, une quarantaine de manifestants d\u00e9non\u00e7ant l\u2019occupation de Gaza et de Cisjordanie par Isra\u00ebl ont brandi des banderoles devant les bureaux du Fonds social juif unifi\u00e9 dans le 6e arrondissement de Lyon, o\u00f9 se tenait un salon de l\u2019Alyah.<\/p>\n","protected":false},"excerpt":{"rendered":"Des militants pro-Palestine ont manifest\u00e9 leur soutien \u00e0 Gaza \u00e0 l\u2019occasion du salon de l\u2019Alyah, organis\u00e9 par l\u2019agence&hellip;\n","protected":false},"author":2,"featured_media":395675,"comment_status":"","ping_status":"","sticky":false,"template":"","format":"standard","meta":{"footnotes":""},"categories":[1889],"tags":[1111,11,2430,2757,1777,674,274,107,1011,27,2428,2756,12,25,2429],"class_list":{"0":"post-395674","1":"post","2":"type-post","3":"status-publish","4":"format-standard","5":"has-post-thumbnail","7":"category-lyon","8":"tag-actu","9":"tag-actualites","10":"tag-auvergne-rhone-alpes","11":"tag-edition-lyon-villeurbanne","12":"tag-eu","13":"tag-europe","14":"tag-faits-divers-justice","15":"tag-fil-info","16":"tag-fr","17":"tag-france","18":"tag-lyon","19":"tag-lyon-bassin","20":"tag-news","21":"tag-republique-francaise","22":"tag-rhone"},"share_on_mastodon":{"url":"https:\/\/pubeurope.com\/@fr\/115215379008990538","error":""},"_links":{"self":[{"href":"https:\/\/www.europesays.com\/fr\/wp-json\/wp\/v2\/posts\/395674","targetHints":{"allow":["GET"]}}],"collection":[{"href":"https:\/\/www.europesays.com\/fr\/wp-json\/wp\/v2\/posts"}],"about":[{"href":"https:\/\/www.europesays.com\/fr\/wp-json\/wp\/v2\/types\/post"}],"author":[{"embeddable":true,"href":"https:\/\/www.europesays.com\/fr\/wp-json\/wp\/v2\/users\/2"}],"replies":[{"embeddable":true,"href":"https:\/\/www.europesays.com\/fr\/wp-json\/wp\/v2\/comments?post=395674"}],"version-history":[{"count":0,"href":"https:\/\/www.europesays.com\/fr\/wp-json\/wp\/v2\/posts\/395674\/revisions"}],"wp:featuredmedia":[{"embeddable":true,"href":"https:\/\/www.europesays.com\/fr\/wp-json\/wp\/v2\/media\/395675"}],"wp:attachment":[{"href":"https:\/\/www.europesays.com\/fr\/wp-json\/wp\/v2\/media?parent=395674"}],"wp:term":[{"taxonomy":"category","embeddable":true,"href":"https:\/\/www.europesays.com\/fr\/wp-json\/wp\/v2\/categories?post=395674"},{"taxonomy":"post_tag","embeddable":true,"href":"https:\/\/www.europesays.com\/fr\/wp-json\/wp\/v2\/tags?post=395674"}],"curies":[{"name":"wp","href":"https:\/\/api.w.org\/{rel}","templated":true}]}}