{"id":395676,"date":"2025-09-16T18:25:25","date_gmt":"2025-09-16T18:25:25","guid":{"rendered":"https:\/\/www.europesays.com\/fr\/395676\/"},"modified":"2025-09-16T18:25:25","modified_gmt":"2025-09-16T18:25:25","slug":"des-perturbations-attendues-sur-le-reseau-tcl","status":"publish","type":"post","link":"https:\/\/www.europesays.com\/fr\/395676\/","title":{"rendered":"des perturbations attendues sur le r\u00e9seau TCL"},"content":{"rendered":"<p>Dans un communiqu\u00e9, TCL annonce que le mouvement social du 18\u00a0septembre aura quelques r\u00e9percussions sur le fonctionnement du r\u00e9seau de transports en commun. Les m\u00e9tros, funiculaires, trambus, bus Chrono, ainsi que les services Rh\u00f4nexpress et Navig\u00f4ne circuleront normalement. Toutefois, TCL pr\u00e9vient que les manifestations pourraient entra\u00eener, \u00e0 la demande de la pr\u00e9fecture, des fermetures temporaires de stations ou des d\u00e9viations.<\/p>\n<p>C\u00f4t\u00e9 tramways, les lignes T3, T4 et T5 fonctionneront normalement. La T1 circulera toutes les 7 minutes, la T2 toutes les 6 minutes 30 et la T6 toutes les 15 minutes. En revanche, la ligne T7 sera totalement interrompue.<\/p>\n<p>  Des suppressions c\u00f4t\u00e9 bus<\/p>\n<p>Concernant les bus, plusieurs lignes scolaires ne seront pas assur\u00e9es (1). Les lignes r\u00e9guli\u00e8res 86, S2, 165, 214, 215, 216, 217, 236 et 237 <a href=\"https:\/\/www.leprogres.fr\/transport\/2025\/09\/07\/greve-tcl-forte-mobilisation-attendue-le-reseau-lyonnais-paralyse-des-lundi\" target=\"_blank\" rel=\"noopener\">seront \u00e9galement supprim\u00e9es<\/a>. Les parcs relais resteront, eux, ouverts normalement.<\/p>\n<p class=\"note\">(1) JD2, JD2\/15, JD6, JD10, JD21, JD23, JD31, JD32, JD221, JD345, JD349, JD375, JD400, JD403, JD404, JD406, JD408, JD412, JD425, JD427, JD443, JD454, JD455, JD467, JD481, JD493, JD494, JD577, JD604, JD616, JD630, JD647, JD648, JD701, JD703, JD711, JD722, JD724, JD725, JD726, JD734, JD737, JD738, JD739, JD741, JD744, JD746, JD755, JD784, JD979, JD347<\/p>\n","protected":false},"excerpt":{"rendered":"Dans un communiqu\u00e9, TCL annonce que le mouvement social du 18\u00a0septembre aura quelques r\u00e9percussions sur le fonctionnement du&hellip;\n","protected":false},"author":2,"featured_media":395677,"comment_status":"","ping_status":"","sticky":false,"template":"","format":"standard","meta":{"footnotes":""},"categories":[1889],"tags":[1111,11,2430,3152,2757,3153,3154,1777,674,107,1011,27,2428,2756,12,25,2429,801,2803],"class_list":{"0":"post-395676","1":"post","2":"type-post","3":"status-publish","4":"format-standard","5":"has-post-thumbnail","7":"category-lyon","8":"tag-actu","9":"tag-actualites","10":"tag-auvergne-rhone-alpes","11":"tag-edition-est-lyonnais","12":"tag-edition-lyon-villeurbanne","13":"tag-edition-ouest-lyonnais","14":"tag-edition-sud-lyonnais","15":"tag-eu","16":"tag-europe","17":"tag-fil-info","18":"tag-fr","19":"tag-france","20":"tag-lyon","21":"tag-lyon-bassin","22":"tag-news","23":"tag-republique-francaise","24":"tag-rhone","25":"tag-social","26":"tag-transport"},"share_on_mastodon":{"url":"https:\/\/pubeurope.com\/@fr\/115215382878991290","error":""},"_links":{"self":[{"href":"https:\/\/www.europesays.com\/fr\/wp-json\/wp\/v2\/posts\/395676","targetHints":{"allow":["GET"]}}],"collection":[{"href":"https:\/\/www.europesays.com\/fr\/wp-json\/wp\/v2\/posts"}],"about":[{"href":"https:\/\/www.europesays.com\/fr\/wp-json\/wp\/v2\/types\/post"}],"author":[{"embeddable":true,"href":"https:\/\/www.europesays.com\/fr\/wp-json\/wp\/v2\/users\/2"}],"replies":[{"embeddable":true,"href":"https:\/\/www.europesays.com\/fr\/wp-json\/wp\/v2\/comments?post=395676"}],"version-history":[{"count":0,"href":"https:\/\/www.europesays.com\/fr\/wp-json\/wp\/v2\/posts\/395676\/revisions"}],"wp:featuredmedia":[{"embeddable":true,"href":"https:\/\/www.europesays.com\/fr\/wp-json\/wp\/v2\/media\/395677"}],"wp:attachment":[{"href":"https:\/\/www.europesays.com\/fr\/wp-json\/wp\/v2\/media?parent=395676"}],"wp:term":[{"taxonomy":"category","embeddable":true,"href":"https:\/\/www.europesays.com\/fr\/wp-json\/wp\/v2\/categories?post=395676"},{"taxonomy":"post_tag","embeddable":true,"href":"https:\/\/www.europesays.com\/fr\/wp-json\/wp\/v2\/tags?post=395676"}],"curies":[{"name":"wp","href":"https:\/\/api.w.org\/{rel}","templated":true}]}}