{"id":39568,"date":"2025-04-20T18:53:09","date_gmt":"2025-04-20T18:53:09","guid":{"rendered":"https:\/\/www.europesays.com\/fr\/39568\/"},"modified":"2025-04-20T18:53:09","modified_gmt":"2025-04-20T18:53:09","slug":"lyon-le-musee-cinema-et-miniature-a-la-mode-de-paques","status":"publish","type":"post","link":"https:\/\/www.europesays.com\/fr\/39568\/","title":{"rendered":"Lyon. Le mus\u00e9e cin\u00e9ma et miniature \u00e0 la mode de P\u00e2ques"},"content":{"rendered":"<p>Le mus\u00e9e cin\u00e9ma et miniature r\u00e9serve quelques surprises \u00e0 ses visiteurs pendant les vacances de P\u00e2ques. Le mus\u00e9e du Vieux-Lyon propose notamment du 19\u00a0avril au 5\u00a0mai des s\u00e9ances de maquillages de 13\u00a0h\u00a030 \u00e0 17\u00a0h\u00a030.<\/p>\n<p class=\"note\">Ouvert tous les jours pendant les vacances scolaires, y compris ce lundi 21\u00a0avril, de 10 heures \u00e0 19 heures, au\u00a060 rue Saint-Jean, \u00e0 Lyon. Tarifs\u00a0: de 14,90\u00a0\u20ac \u00e0 19,90\u00a0\u20ac. <a href=\"https:\/\/www.museeminiatureetcinema.fr\" target=\"_blank\" rel=\"noopener\">Plus d\u2019infos et r\u00e9servations\u00a0: www.museeminiatureetcinema.fr<\/a><\/p>\n","protected":false},"excerpt":{"rendered":"Le mus\u00e9e cin\u00e9ma et miniature r\u00e9serve quelques surprises \u00e0 ses visiteurs pendant les vacances de P\u00e2ques. Le mus\u00e9e&hellip;\n","protected":false},"author":2,"featured_media":39569,"comment_status":"","ping_status":"","sticky":false,"template":"","format":"standard","meta":{"footnotes":""},"categories":[1889],"tags":[1111,11,2430,650,1687,115,116,111,1777,674,2271,1011,27,2428,12,25],"class_list":{"0":"post-39568","1":"post","2":"type-post","3":"status-publish","4":"format-standard","5":"has-post-thumbnail","7":"category-lyon","8":"tag-actu","9":"tag-actualites","10":"tag-auvergne-rhone-alpes","11":"tag-cinema","12":"tag-culture-loisirs","13":"tag-edition-bourgoin-jallieu-nord-dauphine","14":"tag-edition-la-tour-du-pin-nord-dauphine","15":"tag-edition-vienne-roussillon","16":"tag-eu","17":"tag-europe","18":"tag-exposition-arts-plastiques","19":"tag-fr","20":"tag-france","21":"tag-lyon","22":"tag-news","23":"tag-republique-francaise"},"share_on_mastodon":{"url":"https:\/\/pubeurope.com\/@fr\/114371808744034070","error":""},"_links":{"self":[{"href":"https:\/\/www.europesays.com\/fr\/wp-json\/wp\/v2\/posts\/39568","targetHints":{"allow":["GET"]}}],"collection":[{"href":"https:\/\/www.europesays.com\/fr\/wp-json\/wp\/v2\/posts"}],"about":[{"href":"https:\/\/www.europesays.com\/fr\/wp-json\/wp\/v2\/types\/post"}],"author":[{"embeddable":true,"href":"https:\/\/www.europesays.com\/fr\/wp-json\/wp\/v2\/users\/2"}],"replies":[{"embeddable":true,"href":"https:\/\/www.europesays.com\/fr\/wp-json\/wp\/v2\/comments?post=39568"}],"version-history":[{"count":0,"href":"https:\/\/www.europesays.com\/fr\/wp-json\/wp\/v2\/posts\/39568\/revisions"}],"wp:featuredmedia":[{"embeddable":true,"href":"https:\/\/www.europesays.com\/fr\/wp-json\/wp\/v2\/media\/39569"}],"wp:attachment":[{"href":"https:\/\/www.europesays.com\/fr\/wp-json\/wp\/v2\/media?parent=39568"}],"wp:term":[{"taxonomy":"category","embeddable":true,"href":"https:\/\/www.europesays.com\/fr\/wp-json\/wp\/v2\/categories?post=39568"},{"taxonomy":"post_tag","embeddable":true,"href":"https:\/\/www.europesays.com\/fr\/wp-json\/wp\/v2\/tags?post=39568"}],"curies":[{"name":"wp","href":"https:\/\/api.w.org\/{rel}","templated":true}]}}