{"id":395684,"date":"2025-09-16T18:30:17","date_gmt":"2025-09-16T18:30:17","guid":{"rendered":"https:\/\/www.europesays.com\/fr\/395684\/"},"modified":"2025-09-16T18:30:17","modified_gmt":"2025-09-16T18:30:17","slug":"des-perturbations-de-transports-en-ile-de-france-et-partout-dans-le-pays-2","status":"publish","type":"post","link":"https:\/\/www.europesays.com\/fr\/395684\/","title":{"rendered":"des perturbations de transports en \u00cele-de-France et partout dans le pays"},"content":{"rendered":"<p class=\"mb-4 text-lg md:leading-8 break-words\">Ils devraient \u00eatre environ 800\u00a0000 dans les rues. \u00c0 deux jours de <a href=\"https:\/\/www.parismatch.com\/actu\/societe\/bloquons-tout-beauvau-craint-une-mobilisation-eclatee-et-difficile-a-contenir-256786\" rel=\"nofollow noopener\" target=\"_blank\" data-ylk=\"slk:la gr\u00e8ve nationale;elm:context_link;itc:0;sec:content-canvas\" class=\"link \">la gr\u00e8ve nationale<\/a> du 18\u00a0septembre prochain, le ministre des Transports d\u00e9missionnaire <a href=\"https:\/\/www.parismatch.com\/actu\/politique\/le-ministre-des-transports-philippe-tabarot-vise-par-une-enquete-pour-detournement-de-fonds-publics-245820\" rel=\"nofollow noopener\" target=\"_blank\" data-ylk=\"slk:Philippe Tabarot;elm:context_link;itc:0;sec:content-canvas\" class=\"link \">Philippe Tabarot<\/a> a donn\u00e9 plus de pr\u00e9cisions sur les perturbations que conna\u00eetront les Fran\u00e7ais jeudi\u00a0: 3 TER sur 5 et 9 TGV sur 10 devraient circuler partout en France et le trafic en \u00cele-de-France s\u2019annonce particuli\u00e8rement perturb\u00e9.<\/p>\n<p>\u00c0 Paris, des m\u00e9tros qu\u2019aux heures de pointe<\/p>\n<p class=\"mb-4 text-lg md:leading-8 break-words\">Sur les lignes Intercit\u00e9s, \u00ab\u00a0des perturbations [\u2026] importantes\u00a0\u00bb sont \u00e9galement \u00ab\u00a0\u00e0 pr\u00e9voir\u00a0\u00bb, a avanc\u00e9 Philippe Tabarot, \u00e9voquant un train sur deux en circulation \u00ab\u00a0sur ces lignes\u00a0\u00bb. \u00ab\u00a0Les pr\u00e9visions d\u00e9taill\u00e9es vous seront communiqu\u00e9es en fonction de votre r\u00e9gion en fin de journ\u00e9e ou demain matin\u00a0\u00bb, a pr\u00e9cis\u00e9 le ministre d\u00e9missionnaire.<\/p>\n<p class=\"mb-4 text-lg md:leading-8 break-words\">\u00ab\u00a0Tous les clients TGV Inoui en France ou vers l\u2019Europe, TGV Lyria, Ouigo et Intercit\u00e9s b\u00e9n\u00e9ficient d\u2019une possibilit\u00e9 d\u2019annuler ou \u00e9changer leur billet sans frais\u00a0\u00bb, a pr\u00e9cis\u00e9 la SNCF dans un communiqu\u00e9 mardi.<\/p>\n<p class=\"mb-4 text-lg md:leading-8 break-words\">En \u00cele-de-France, le trafic devrait \u00eatre bien plus perturb\u00e9. Dans le m\u00e9tro parisien, \u00e0 l\u2019exception des lignes automatiques, la RATP ne pr\u00e9voit d\u2019assurer le trafic qu\u2019aux \u00ab\u00a0heures de pointe\u00a0\u00bb, a indiqu\u00e9 la r\u00e9gie sur son site internet.<\/p>\n<p class=\"mb-4 text-lg md:leading-8 break-words\">Le trafic sera \u00e9galement perturb\u00e9 sur toutes les lignes de RER, voire \u00ab\u00a0fortement perturb\u00e9\u00a0\u00bb sur la ligne D et E, ont indiqu\u00e9 la RATP et la SNCF, sans donner davantage de pr\u00e9cision pour le moment. Plusieurs lignes de bus devraient \u00eatre ferm\u00e9es, a \u00e9galement indiqu\u00e9 la RATP, lo&#8230;<\/p>\n<p class=\"mb-4 text-lg md:leading-8 break-words\"><a href=\"https:\/\/www.parismatch.com\/actu\/societe\/greve-du-18-septembre-des-perturbations-de-transports-en-ile-de-france-et-partout-dans-le-pays-257134?at_medium=affiliate&amp;at_campaign=Yahoo\" rel=\"nofollow noopener\" target=\"_blank\" data-ylk=\"slk:Lire la suite sur ParisMatch;elm:context_link;itc:0;sec:content-canvas\" class=\"link \">Lire la suite sur ParisMatch<\/a><\/p>\n","protected":false},"excerpt":{"rendered":"Ils devraient \u00eatre environ 800\u00a0000 dans les rues. \u00c0 deux jours de la gr\u00e8ve nationale du 18\u00a0septembre prochain,&hellip;\n","protected":false},"author":2,"featured_media":395685,"comment_status":"","ping_status":"","sticky":false,"template":"","format":"standard","meta":{"footnotes":""},"categories":[1888],"tags":[1111,1928,11,1927,1777,674,1011,27,52768,24835,12,1926,626,1925,28780,625,25,2215,2214,52769],"class_list":{"0":"post-395684","1":"post","2":"type-post","3":"status-publish","4":"format-standard","5":"has-post-thumbnail","7":"category-paris","8":"tag-actu","9":"tag-actu-paris","10":"tag-actualites","11":"tag-actualites-paris","12":"tag-eu","13":"tag-europe","14":"tag-fr","15":"tag-france","16":"tag-lignes-de-rer","17":"tag-ministre-des-transports","18":"tag-news","19":"tag-news-paris","20":"tag-paris","21":"tag-paris-news","22":"tag-philippe-tabarot","23":"tag-ratp","24":"tag-republique-francaise","25":"tag-sncf","26":"tag-tgv","27":"tag-tgv-lyria"},"share_on_mastodon":{"url":"https:\/\/pubeurope.com\/@fr\/115215402493586597","error":""},"_links":{"self":[{"href":"https:\/\/www.europesays.com\/fr\/wp-json\/wp\/v2\/posts\/395684","targetHints":{"allow":["GET"]}}],"collection":[{"href":"https:\/\/www.europesays.com\/fr\/wp-json\/wp\/v2\/posts"}],"about":[{"href":"https:\/\/www.europesays.com\/fr\/wp-json\/wp\/v2\/types\/post"}],"author":[{"embeddable":true,"href":"https:\/\/www.europesays.com\/fr\/wp-json\/wp\/v2\/users\/2"}],"replies":[{"embeddable":true,"href":"https:\/\/www.europesays.com\/fr\/wp-json\/wp\/v2\/comments?post=395684"}],"version-history":[{"count":0,"href":"https:\/\/www.europesays.com\/fr\/wp-json\/wp\/v2\/posts\/395684\/revisions"}],"wp:featuredmedia":[{"embeddable":true,"href":"https:\/\/www.europesays.com\/fr\/wp-json\/wp\/v2\/media\/395685"}],"wp:attachment":[{"href":"https:\/\/www.europesays.com\/fr\/wp-json\/wp\/v2\/media?parent=395684"}],"wp:term":[{"taxonomy":"category","embeddable":true,"href":"https:\/\/www.europesays.com\/fr\/wp-json\/wp\/v2\/categories?post=395684"},{"taxonomy":"post_tag","embeddable":true,"href":"https:\/\/www.europesays.com\/fr\/wp-json\/wp\/v2\/tags?post=395684"}],"curies":[{"name":"wp","href":"https:\/\/api.w.org\/{rel}","templated":true}]}}