{"id":395692,"date":"2025-09-16T18:34:14","date_gmt":"2025-09-16T18:34:14","guid":{"rendered":"https:\/\/www.europesays.com\/fr\/395692\/"},"modified":"2025-09-16T18:34:14","modified_gmt":"2025-09-16T18:34:14","slug":"letau-se-resserre-autour-du-suspect-ukrainien-tandis-que-la-russie-poursuit-ses-frappes","status":"publish","type":"post","link":"https:\/\/www.europesays.com\/fr\/395692\/","title":{"rendered":"L\u2019\u00e9tau se resserre autour du suspect ukrainien, tandis que la Russie poursuit ses frappes"},"content":{"rendered":"<p class=\"mb-4 text-lg md:leading-8 break-words\"><strong>R\u00e9cap&rsquo; &#8211; \u00ab 20 Minutes \u00bb fait le point pour vous tous les soirs sur le conflit en Ukraine. Ce mardi, la journ\u00e9e a \u00e9t\u00e9 marqu\u00e9e par les suites de l\u2019affaire du sabotage du gazoduc Nord Stream, et par de nouveaux bombardements russes meurtriers<\/strong><\/p>\n<p class=\"mb-4 text-lg md:leading-8 break-words\">Vous avez rat\u00e9 les derniers \u00e9v\u00e9nements sur la <a href=\"https:\/\/www.20minutes.fr\/monde\/ukraine\/?at_medium=RSS%20feed&amp;at_campaign=ynews&amp;utm_source=yahoo&amp;utm_medium=rss&amp;utm_campaign=news_feed&amp;utm_content=in_article_link\" rel=\"nofollow noopener\" target=\"_blank\" data-ylk=\"slk:guerre en Ukraine;elm:context_link;itc:0;sec:content-canvas\" class=\"link \">guerre en Ukraine<\/a> ? 20 Minutes fait le point pour vous tous les soirs. Voici l\u2019essentiel de ce mardi 16 septembre, 1.301e jour du conflit.<\/p>\n<p>Le fait du jour<\/p>\n<p class=\"mb-4 text-lg md:leading-8 break-words\">Un juge italien a ordonn\u00e9 ce mardi l\u2019extradition vers <a href=\"https:\/\/www.20minutes.fr\/dossier\/allemagne?at_medium=RSS%20feed&amp;at_campaign=ynews&amp;utm_source=yahoo&amp;utm_medium=rss&amp;utm_campaign=news_feed&amp;utm_content=in_article_link\" rel=\"nofollow noopener\" target=\"_blank\" data-ylk=\"slk:l\u2019Allemagne;elm:context_link;itc:0;sec:content-canvas\" class=\"link \">l\u2019Allemagne<\/a> d\u2019un Ukrainien <a href=\"https:\/\/www.20minutes.fr\/monde\/ukraine\/4168948-20250821-sabotage-gazoduc-russe-nord-stream-suspect-ukrainien-arrete-trois-ans-apres-faits?at_medium=RSS%20feed&amp;at_campaign=ynews&amp;utm_source=yahoo&amp;utm_medium=rss&amp;utm_campaign=news_feed&amp;utm_content=in_article_link\" rel=\"nofollow noopener\" target=\"_blank\" data-ylk=\"slk:arr\u00eat\u00e9 fin ao\u00fbt en Italie;elm:context_link;itc:0;sec:content-canvas\" class=\"link \">arr\u00eat\u00e9 fin ao\u00fbt en Italie<\/a>, soup\u00e7onn\u00e9 par la justice allemande d\u2019\u00eatre impliqu\u00e9 dans le myst\u00e9rieux <a href=\"https:\/\/www.20minutes.fr\/monde\/4002736-20220928-pollution-recession-menace-consequences-sabotage-gazoducs-nord-stream?at_medium=RSS%20feed&amp;at_campaign=ynews&amp;utm_source=yahoo&amp;utm_medium=rss&amp;utm_campaign=news_feed&amp;utm_content=in_article_link\" rel=\"nofollow noopener\" target=\"_blank\" data-ylk=\"slk:sabotage du gazoduc russe Nord Stream;elm:context_link;itc:0;sec:content-canvas\" class=\"link \">sabotage du gazoduc russe Nord Stream<\/a> dans la mer Baltique en septembre 2022.<\/p>\n<p class=\"mb-4 text-lg md:leading-8 break-words\">Serhii Kuznietsov, qui nie les faits et va faire appel de cette d\u00e9cision d\u2019extradition, est suspect\u00e9 d\u2019\u00eatre l\u2019un des coordinateurs du commando ayant sabot\u00e9 les conduites reliant la Russie \u00e0 l\u2019Allemagne et acheminant l\u2019essentiel du gaz russe vers l\u2019Europe. Son arrestation est la premi\u00e8re dans cette affaire particuli\u00e8rement sensible en raison de la guerre en Ukraine.<\/p>\n<p class=\"mb-4 text-lg md:leading-8 break-words\">Serhii Kuznietsov, \u00e2g\u00e9 de 49 ans, a affirm\u00e9 qu\u2019il \u00e9tait \u00e0 l\u2019\u00e9poque (et jusqu\u2019en 2023) un commandant de l\u2019arm\u00e9e ukrainienne, et affirme qu\u2019il \u00e9tait en Ukraine au moment des faits, rappelle la cour d\u2019appel de Bologne Le statut militaire de Kuznietsov \u00e0 l\u2019\u00e9poque des faits \u00ab ne peut \u00eatre ignor\u00e9 \u00bb, a insist\u00e9 l\u2019avocat, estimant aussi que le pipeline pouvait \u00eatre consid\u00e9r\u00e9 comme \u00ab une cible militaire l\u00e9gitime \u00bb en raison de la guerre en Ukraine.<\/p>\n<p class=\"mb-4 text-lg md:leading-8 break-words\">L\u2019enqu\u00eate allemande a identifi\u00e9 une cellule ukrainienne compos\u00e9e de cinq hommes et d\u2019une femme comme \u00e9tant les auteurs des explosions du gazoduc.<\/p>\n<p>La d\u00e9claration du jour<\/p>\n<p class=\"mb-4 text-lg md:leading-8 break-words\">Tant que la Russie ne ressentira pas de lourdes pertes, et surt(&#8230;)<\/p>\n<p class=\"mb-4 text-lg md:leading-8 break-words\"><a href=\"https:\/\/www.20minutes.fr\/monde\/ukraine\/4173419-20250916-guerre-ukraine-etau-resserre-autour-suspect-ukrainien-tandis-russie-poursuit-frappes?at_medium=RSS%20feed&amp;at_campaign=ynews&amp;utm_source=yahoo&amp;utm_medium=rss&amp;utm_campaign=news_feed&amp;utm_content=read_more_link&quot;\" rel=\"nofollow noopener\" target=\"_blank\" data-ylk=\"slk:Lire la suite sur 20minutes;elm:context_link;itc:0;sec:content-canvas\" class=\"link \">Lire la suite sur 20minutes<\/a><\/p>\n<p>\u00c0 lire aussi :<br \/><a href=\"https:\/\/www.20minutes.fr\/monde\/ukraine\/4173129-20250915-guerre-ukraine-f-35-f-16-rafale-armement-europeen-surdimensionne-face-menace-low-cost-drones?at_medium=RSS%20feed&amp;at_campaign=ynews&amp;utm_source=yahoo&amp;utm_medium=rss&amp;utm_campaign=news_feed&amp;utm_content=related_content_link\" rel=\"nofollow noopener\" target=\"_blank\" data-ylk=\"slk:Guerre en Ukraine : F-35, F-16, Rafale\u2026 L\u2019armement europ\u00e9en est-il surdimensionn\u00e9 face \u00e0 la menace \u00ab low cost \u00bb des drones ?;elm:context_link;itc:0;sec:content-canvas\" class=\"link \">Guerre en Ukraine : F-35, F-16, Rafale\u2026 L\u2019armement europ\u00e9en est-il surdimensionn\u00e9 face \u00e0 la menace \u00ab low cost \u00bb des drones ?<\/a><br \/><a href=\"https:\/\/www.20minutes.fr\/monde\/ukraine\/4173233-20250915-guerre-ukraine-russie-offusque-royaume-uni-imite-france?at_medium=RSS%20feed&amp;at_campaign=ynews&amp;utm_source=yahoo&amp;utm_medium=rss&amp;utm_campaign=news_feed&amp;utm_content=related_content_link\" rel=\"nofollow noopener\" target=\"_blank\" data-ylk=\"slk:Guerre en Ukraine : La Russie s\u2019offusque et le Royaume-Uni imite la France avec ses avions;elm:context_link;itc:0;sec:content-canvas\" class=\"link \">Guerre en Ukraine : La Russie s\u2019offusque et le Royaume-Uni imite la France avec ses avions<\/a><\/p>\n","protected":false},"excerpt":{"rendered":"R\u00e9cap&rsquo; &#8211; \u00ab 20 Minutes \u00bb fait le point pour vous tous les soirs sur le conflit en&hellip;\n","protected":false},"author":2,"featured_media":395693,"comment_status":"","ping_status":"","sticky":false,"template":"","format":"standard","meta":{"footnotes":""},"categories":[1590],"tags":[642,11,1777,674,131,2489,12,220],"class_list":{"0":"post-395692","1":"post","2":"type-post","3":"status-publish","4":"format-standard","5":"has-post-thumbnail","7":"category-ukraine","8":"tag-20-minutes","9":"tag-actualites","10":"tag-eu","11":"tag-europe","12":"tag-guerre-en-ukraine","13":"tag-la-russie","14":"tag-news","15":"tag-ukraine"},"share_on_mastodon":{"url":"https:\/\/pubeurope.com\/@fr\/115215418396506406","error":""},"_links":{"self":[{"href":"https:\/\/www.europesays.com\/fr\/wp-json\/wp\/v2\/posts\/395692","targetHints":{"allow":["GET"]}}],"collection":[{"href":"https:\/\/www.europesays.com\/fr\/wp-json\/wp\/v2\/posts"}],"about":[{"href":"https:\/\/www.europesays.com\/fr\/wp-json\/wp\/v2\/types\/post"}],"author":[{"embeddable":true,"href":"https:\/\/www.europesays.com\/fr\/wp-json\/wp\/v2\/users\/2"}],"replies":[{"embeddable":true,"href":"https:\/\/www.europesays.com\/fr\/wp-json\/wp\/v2\/comments?post=395692"}],"version-history":[{"count":0,"href":"https:\/\/www.europesays.com\/fr\/wp-json\/wp\/v2\/posts\/395692\/revisions"}],"wp:featuredmedia":[{"embeddable":true,"href":"https:\/\/www.europesays.com\/fr\/wp-json\/wp\/v2\/media\/395693"}],"wp:attachment":[{"href":"https:\/\/www.europesays.com\/fr\/wp-json\/wp\/v2\/media?parent=395692"}],"wp:term":[{"taxonomy":"category","embeddable":true,"href":"https:\/\/www.europesays.com\/fr\/wp-json\/wp\/v2\/categories?post=395692"},{"taxonomy":"post_tag","embeddable":true,"href":"https:\/\/www.europesays.com\/fr\/wp-json\/wp\/v2\/tags?post=395692"}],"curies":[{"name":"wp","href":"https:\/\/api.w.org\/{rel}","templated":true}]}}