{"id":395711,"date":"2025-09-16T18:45:12","date_gmt":"2025-09-16T18:45:12","guid":{"rendered":"https:\/\/www.europesays.com\/fr\/395711\/"},"modified":"2025-09-16T18:45:12","modified_gmt":"2025-09-16T18:45:12","slug":"la-france-se-fait-surprendre-par-la-finlande-et-se-retrouve-dos-au-mur","status":"publish","type":"post","link":"https:\/\/www.europesays.com\/fr\/395711\/","title":{"rendered":"la France se fait surprendre par la Finlande et se retrouve dos au mur"},"content":{"rendered":"<p>France &#8211; Finlande<\/p>\n<p>2-3<\/p>\n<p>C&rsquo;est une d\u00e9sillusion pour les Bleus. L&rsquo;\u00e9quipe de France de volley-ball, double championne olympique, a \u00e9t\u00e9 battue \u00e0 la surprise g\u00e9n\u00e9rale par la modeste Finlande (3-2\u00a0; 19-25, 25-17, 27-29, 25-21, 9-15) pour son deuxi\u00e8me match de poules du Mondial, mardi \u00e0 Quezon City (Philippines).<\/p>\n<p>Les Bleus, qui auraient valid\u00e9 leur qualification pour les 8es de finale en cas de succ\u00e8s, la joueront finalement ce jeudi contre l&rsquo;Argentine, leur plus fort adversaire de la poule C sur le papier. Pour continuer l&rsquo;aventure, il leur faudra battre les Argentins (2 victoires, 5 pts), devant eux au classement (1 victoire, 4 pts), pour ne pas compter sur une improbable d\u00e9faite de la Finlande (1 victoire, 3 pts) contre la Cor\u00e9e du Sud, d\u00e9j\u00e0 \u00e9limin\u00e9e.<\/p>\n<p>Un tie-break rat\u00e9 d&rsquo;entr\u00e9e<\/p>\n<p>Venus aux Philippines pour conqu\u00e9rir <a href=\"https:\/\/www.leprogres.fr\/sport\/2025\/09\/14\/un-titre-mondial-qui-leur-a-toujours-echappe-les-bleus-en-quete-de-l-ultime-trophee\" target=\"_blank\" rel=\"nofollow noopener\">le seul titre qui manque \u00e0 leur palmar\u00e8s<\/a>, les Fran\u00e7ais ont subi un brutal coup d&rsquo;arr\u00eat deux jours apr\u00e8s leur <a href=\"https:\/\/www.leprogres.fr\/sport\/2025\/09\/14\/les-bleus-debutent-leur-coupe-du-monde-par-une-nette-victoire-contre-la-coree-du-sud\" target=\"_blank\" rel=\"nofollow noopener\">entr\u00e9e en mati\u00e8re facile r\u00e9ussie face aux Sud-Cor\u00e9ens (3-0)<\/a>. Ils ont chaque fois couru apr\u00e8s le score, parvenant \u00e0 arracher un tie-break mal embarqu\u00e9 (3-10). Et au final perdu malgr\u00e9 un d\u00e9but de remont\u00e9e (9-12).<\/p>\n<p>Les absences sur blessure de deux cadres, Nicolas Le Goff (\u00e9longation aux adducteurs) et Tr\u00e9vor Clevenot (inflammation d&rsquo;un genou), remplac\u00e9s dans l&rsquo;\u00e9quipe de d\u00e9part par <a href=\"https:\/\/www.leprogres.fr\/p\/quentin-jouffroy\" target=\"_blank\" rel=\"nofollow noopener\">Quentin Jouffroy<\/a> et Yacine Louati, ont repr\u00e9sent\u00e9 a posteriori un signe annonciateur de leur soir\u00e9e compliqu\u00e9e face \u00e0 la 20e nation mondiale.<\/p>\n<p>Mais la Finlande jouait sa survie et avait inqui\u00e9t\u00e9 l&rsquo;Argentine en ouverture (2-3 apr\u00e8s avoir men\u00e9 2 sets \u00e0 0). Celle-ci a en outre \u00e9t\u00e9 pouss\u00e9e par sa bonne centaine de supporters, qui ont r\u00e9chauff\u00e9 un Coliseum de nouveau bien vide. Les Bleus ont \u00e9t\u00e9 notamment en difficult\u00e9 face au contre adverse (14 blocks \u00e0 10 pour la Finlande), et ont commis d&rsquo;inhabituelles erreurs de jugement et de placement, sur le service finlandais (2-3 dans le 4e set) ou au soutien (14-16 dans le 3e set).<\/p>\n<p>Des changements&#8230; qui n&rsquo;ont rien chang\u00e9<\/p>\n<p>Ils ont aussi failli au service et en attaque, comme sur cette m\u00e9sentente entre Antoine Brizard et Mathis Henno en d\u00e9but de tie-break, qui a permis aux Finlandais de faire un break d&rsquo;entr\u00e9e (2-0). Les joueurs d&rsquo;Andrea Giani se sont aussi parfois agac\u00e9s, surtout Brizard, par certaines d\u00e9cisions arbitrales, et ont commis beaucoup de fautes de filet, ou m\u00eame de pied.<\/p>\n<p>Les rotations effectu\u00e9es par Andrea Giani, qui a utilis\u00e9 tout son effectif valide (\u00e0 part le deuxi\u00e8me lib\u00e9ro Benjamin Diez) et a remplac\u00e9, d\u00e8s le milieu du troisi\u00e8me set, <a href=\"https:\/\/www.leprogres.fr\/p\/earvin-ngapeth\" target=\"_blank\" rel=\"nofollow noopener\">Earvin Ngapeth<\/a>, toujours pas en pleine possessions de ses moyens physiques, par le jeune Mathis Henno, n&rsquo;ont finalement rien chang\u00e9. Et l&rsquo;\u00e9quipe de France se retrouve d\u00e9j\u00e0 dos au mur.<\/p>\n","protected":false},"excerpt":{"rendered":"France &#8211; Finlande 2-3 C&rsquo;est une d\u00e9sillusion pour les Bleus. L&rsquo;\u00e9quipe de France de volley-ball, double championne olympique,&hellip;\n","protected":false},"author":2,"featured_media":395712,"comment_status":"","ping_status":"","sticky":false,"template":"","format":"standard","meta":{"footnotes":""},"categories":[1417],"tags":[107,1011,27,517,1947,60,1470,1632,1469],"class_list":{"0":"post-395711","1":"post","2":"type-post","3":"status-publish","4":"format-standard","5":"has-post-thumbnail","7":"category-volley","8":"tag-fil-info","9":"tag-fr","10":"tag-france","11":"tag-sport","12":"tag-sport-national","13":"tag-sports","14":"tag-volley","15":"tag-volley-ball","16":"tag-volleyball"},"share_on_mastodon":{"url":"https:\/\/pubeurope.com\/@fr\/115215461535574900","error":""},"_links":{"self":[{"href":"https:\/\/www.europesays.com\/fr\/wp-json\/wp\/v2\/posts\/395711","targetHints":{"allow":["GET"]}}],"collection":[{"href":"https:\/\/www.europesays.com\/fr\/wp-json\/wp\/v2\/posts"}],"about":[{"href":"https:\/\/www.europesays.com\/fr\/wp-json\/wp\/v2\/types\/post"}],"author":[{"embeddable":true,"href":"https:\/\/www.europesays.com\/fr\/wp-json\/wp\/v2\/users\/2"}],"replies":[{"embeddable":true,"href":"https:\/\/www.europesays.com\/fr\/wp-json\/wp\/v2\/comments?post=395711"}],"version-history":[{"count":0,"href":"https:\/\/www.europesays.com\/fr\/wp-json\/wp\/v2\/posts\/395711\/revisions"}],"wp:featuredmedia":[{"embeddable":true,"href":"https:\/\/www.europesays.com\/fr\/wp-json\/wp\/v2\/media\/395712"}],"wp:attachment":[{"href":"https:\/\/www.europesays.com\/fr\/wp-json\/wp\/v2\/media?parent=395711"}],"wp:term":[{"taxonomy":"category","embeddable":true,"href":"https:\/\/www.europesays.com\/fr\/wp-json\/wp\/v2\/categories?post=395711"},{"taxonomy":"post_tag","embeddable":true,"href":"https:\/\/www.europesays.com\/fr\/wp-json\/wp\/v2\/tags?post=395711"}],"curies":[{"name":"wp","href":"https:\/\/api.w.org\/{rel}","templated":true}]}}