{"id":395717,"date":"2025-09-16T18:49:13","date_gmt":"2025-09-16T18:49:13","guid":{"rendered":"https:\/\/www.europesays.com\/fr\/395717\/"},"modified":"2025-09-16T18:49:13","modified_gmt":"2025-09-16T18:49:13","slug":"le-top-instagram-de-la-semaine-marquez-roi-de-misano-zarco-devoile-des-photos-de-son-telephone-le-pilote-f1-norris-essaye-une-motogp-8-au-14-septembre","status":"publish","type":"post","link":"https:\/\/www.europesays.com\/fr\/395717\/","title":{"rendered":"Le Top Instagram de la semaine : M\u00e1rquez roi de Misano, Zarco d\u00e9voile des photos de son t\u00e9l\u00e9phone, le pilote F1 Norris essaye une MotoGP&#8230; (8 au 14 septembre)"},"content":{"rendered":"<p><strong>Chaque semaine, les pilotes et les \u00e9quipes des<br \/>\ndiff\u00e9rents championnats partagent leur quotidien sur les r\u00e9seaux<br \/>\nsociaux, avec une pr\u00e9f\u00e9rence pour <a href=\"https:\/\/www.instagram.com\/\" target=\"_blank\" rel=\"noopener\">Instagram<\/a>. C\u2019est bel et bien sur<br \/>\nce r\u00e9seau social qu\u2019il faut \u00eatre pour ne rien manquer, mais il<br \/>\nn\u2019est pas toujours \u00e9vident de voir tous les posts.<\/strong><br \/>\n<strong>Entre actualit\u00e9, belles images, humour et parfois \u00e9motion,<br \/>\nnous vous proposons chaque semaine de d\u00e9couvrir \u00ab le Top Instagram<br \/>\n\u00bb afin de suivre les coulisses du MotoGP, Moto2, Moto3, Superbike<br \/>\nou encore MotoAmerica au fil des publications. C\u2019est parti<br \/>\n!<\/strong><\/p>\n<p style=\"text-align: center;\"><strong>LE TOP INSTAGRAM :<br \/>\nSEMAINE DU 8 AU 14 SEPTEMBRE<\/strong><\/p>\n<p>Lundi 8 septembre : <strong>Mar\u00eda Herrera<\/strong><br \/>\n(Championnat du Monde F\u00e9minin et MotoE) a fait un rapide passage<br \/>\npar Paris en remontant de Magny-Cours (Cliquez sur la fl\u00e8che \u00e0<br \/>\ndroite pour faire d\u00e9filer les photos).<\/p>\n<p>Jeudi 11 septembre : Pour se sentir pleinement comme \u00e0 la<br \/>\nmaison, <strong>Francesco Bagnaia<\/strong> a amen\u00e9 son chien Turbo<br \/>\ndans le paddock (Cliquez sur l\u2019image pour voir la<br \/>\nvid\u00e9o).<\/p>\n<p>Jeudi 11 septembre : M\u00eame chose pour <strong>Enea<br \/>\nBastianini<\/strong>, dont le chien Hagrid avait son propre pass<br \/>\n(Cliquez sur l\u2019image pour voir la vid\u00e9o).<\/p>\n<p>Jeudi 11 septembre : <strong>Johann Zarco<\/strong> a<br \/>\naccept\u00e9 de d\u00e9voiler certaines photos de son t\u00e9l\u00e9phone pour les fans<br \/>\ncurieux (Cliquez sur l\u2019image pour voir la vid\u00e9o).<\/p>\n<p>Vendredi 12 septembre : <strong>Fabio Quartararo<\/strong><br \/>\na re\u00e7u la visite de Giacomo Agostini dans son box (Cliquez sur<br \/>\nl\u2019image pour voir la vid\u00e9o).<\/p>\n<p>Vendredi 12 septembre : La toute premi\u00e8re sortie en piste<br \/>\nofficielle de la <strong>Yamaha<\/strong> \u00e9quip\u00e9e d\u2019un moteur V4<br \/>\n(Cliquez sur l\u2019image pour voir la vid\u00e9o).<\/p>\n<p>Samedi 13 septembre : <strong>Marco Bezzecchi<\/strong> a<br \/>\nessay\u00e9 de faire deviner des expressions romagnoles (de la r\u00e9gion) \u00e0<br \/>\n<strong>Jorge Mart\u00edn<\/strong>\u00a0(Cliquez sur l\u2019image pour<br \/>\nvoir la vid\u00e9o).<\/p>\n<p>Samedi 13 septembre : Le pilote de Formule 1<br \/>\n<strong>Lando Norris<\/strong>, pr\u00e9sent \u00e0 Misano, a essay\u00e9 la MotoGP<br \/>\nde <strong>Fabio Di Giannantonio<\/strong>\u00a0(Cliquez sur<br \/>\nl\u2019image pour voir la vid\u00e9o).<\/p>\n<p>Dimanche 14 septembre : <strong>Franco<br \/>\nMorbidelli<\/strong> a \u00e9t\u00e9 ovationn\u00e9 par le public \u00e0 l\u2019arriv\u00e9e du<br \/>\nGrand Prix, qu\u2019il a termin\u00e9 quatri\u00e8me (Cliquez sur l\u2019image pour<br \/>\nvoir la vid\u00e9o).<\/p>\n<p>Dimanche 14 septembre : L\u2019\u00e9quipe Aprilia a c\u00e9l\u00e9br\u00e9 en<br \/>\ngrande pompe <a href=\"https:\/\/www.paddock-gp.com\/motogp-misano-j3-marco-bezzecchi-aprilia-2-battu-en-heros-a-domicile-lune-des-plus-belles-emotions-de-ma-carriere\/\" target=\"_blank\" rel=\"noopener\">la seconde place de <strong>Marco<br \/>\nBezzecchi<\/strong><\/a>\u00a0(Cliquez sur l\u2019image pour voir la<br \/>\nvid\u00e9o).<\/p>\n<p>Dimanche 14 septembre : <strong>Marc M\u00e1rquez<\/strong> a<br \/>\nlui aussi c\u00e9l\u00e9br\u00e9 sa victoire avec Ducati (Cliquez sur l\u2019image<br \/>\npour voir la vid\u00e9o).<\/p>\n<p><script async src=\"\/\/www.instagram.com\/embed.js\"><\/script><\/p>\n","protected":false},"excerpt":{"rendered":"Chaque semaine, les pilotes et les \u00e9quipes des diff\u00e9rents championnats partagent leur quotidien sur les r\u00e9seaux sociaux, avec&hellip;\n","protected":false},"author":2,"featured_media":395718,"comment_status":"","ping_status":"","sticky":false,"template":"","format":"standard","meta":{"footnotes":""},"categories":[1413],"tags":[1011,27,1457,1456,60],"class_list":{"0":"post-395717","1":"post","2":"type-post","3":"status-publish","4":"format-standard","5":"has-post-thumbnail","7":"category-moto","8":"tag-fr","9":"tag-france","10":"tag-moto","11":"tag-motocycle","12":"tag-sports"},"share_on_mastodon":{"url":"https:\/\/pubeurope.com\/@fr\/115215477188655254","error":""},"_links":{"self":[{"href":"https:\/\/www.europesays.com\/fr\/wp-json\/wp\/v2\/posts\/395717","targetHints":{"allow":["GET"]}}],"collection":[{"href":"https:\/\/www.europesays.com\/fr\/wp-json\/wp\/v2\/posts"}],"about":[{"href":"https:\/\/www.europesays.com\/fr\/wp-json\/wp\/v2\/types\/post"}],"author":[{"embeddable":true,"href":"https:\/\/www.europesays.com\/fr\/wp-json\/wp\/v2\/users\/2"}],"replies":[{"embeddable":true,"href":"https:\/\/www.europesays.com\/fr\/wp-json\/wp\/v2\/comments?post=395717"}],"version-history":[{"count":0,"href":"https:\/\/www.europesays.com\/fr\/wp-json\/wp\/v2\/posts\/395717\/revisions"}],"wp:featuredmedia":[{"embeddable":true,"href":"https:\/\/www.europesays.com\/fr\/wp-json\/wp\/v2\/media\/395718"}],"wp:attachment":[{"href":"https:\/\/www.europesays.com\/fr\/wp-json\/wp\/v2\/media?parent=395717"}],"wp:term":[{"taxonomy":"category","embeddable":true,"href":"https:\/\/www.europesays.com\/fr\/wp-json\/wp\/v2\/categories?post=395717"},{"taxonomy":"post_tag","embeddable":true,"href":"https:\/\/www.europesays.com\/fr\/wp-json\/wp\/v2\/tags?post=395717"}],"curies":[{"name":"wp","href":"https:\/\/api.w.org\/{rel}","templated":true}]}}