{"id":395728,"date":"2025-09-16T18:54:14","date_gmt":"2025-09-16T18:54:14","guid":{"rendered":"https:\/\/www.europesays.com\/fr\/395728\/"},"modified":"2025-09-16T18:54:14","modified_gmt":"2025-09-16T18:54:14","slug":"a-gourin-latelier-photo-a-du-pain-sur-la-planche-pour-cette-nouvelle-saison","status":"publish","type":"post","link":"https:\/\/www.europesays.com\/fr\/395728\/","title":{"rendered":"\u00c0 Gourin, l\u2019atelier photo a du pain sur la planche pour cette nouvelle saison"},"content":{"rendered":"<p>La r\u00e9union de reprise du groupe photo, qui fonctionne dans le cadre des activit\u00e9s de l\u2019association D\u2019ateliers en expos, a eu lieu samedi 13 septembre 2025, dans la salle sous la cantine scolaire, rue des Sans-culottes, \u00e0 Gourin. C\u2019est d\u00e9sormais une tradition pour lancer la saison\u00a0: les adh\u00e9rents se sont retrouv\u00e9s, d\u00e8s 12\u00a0h, pour un pique-nique convivial avant la premi\u00e8re s\u00e9ance.<\/p>\n<p>S\u00e9ances en ext\u00e9rieur<\/p>\n<p>Jean-Loup Toniutti, animateur de l\u2019atelier photo depuis une douzaine d\u2019ann\u00e9es, sait partager sa passion, ce qui explique le succ\u00e8s des rencontres, une semaine sur deux. Il annonce une nouvelle saison tr\u00e8s riche en animations\u00a0: r\u00e9vision des fondamentaux de la photographie (manipulation de l\u2019appareil et technicit\u00e9), approche de plusieurs th\u00e8mes photographiques et mise en application sur le terrain, visionnage des clich\u00e9s et critique constructive pour aller plus loin et apprendre.<\/p>\n<p>\u00ab\u00a0Cette saison, nous envisageons aussi des sorties proches de la salle pour une mise en application imm\u00e9diate des cours. Nous souhaitons aussi refaire des s\u00e9ances de portraits puisque nous avons le mat\u00e9riel pour cela. Nous allons aussi aborder le poste de traitement (logiciels photo)\u00a0\u00bb, explique Jean-Loup Toniutti. Les cours vont \u00e9galement porter sur la couleur et l\u2019abstrait, les deux th\u00e8mes retenus pour la traditionnelle exposition des ateliers, au printemps.<\/p>\n","protected":false},"excerpt":{"rendered":"La r\u00e9union de reprise du groupe photo, qui fonctionne dans le cadre des activit\u00e9s de l\u2019association D\u2019ateliers en&hellip;\n","protected":false},"author":2,"featured_media":395729,"comment_status":"","ping_status":"","sticky":false,"template":"","format":"standard","meta":{"footnotes":""},"categories":[1358],"tags":[1348,1384,1385,1386,58,59,1011,27,4222],"class_list":{"0":"post-395728","1":"post","2":"type-post","3":"status-publish","4":"format-standard","5":"has-post-thumbnail","7":"category-arts-et-design","8":"tag-arts","9":"tag-arts-and-design","10":"tag-arts-et-design","11":"tag-design","12":"tag-divertissement","13":"tag-entertainment","14":"tag-fr","15":"tag-france","16":"tag-gourin"},"share_on_mastodon":{"url":"https:\/\/pubeurope.com\/@fr\/115215496898766705","error":""},"_links":{"self":[{"href":"https:\/\/www.europesays.com\/fr\/wp-json\/wp\/v2\/posts\/395728","targetHints":{"allow":["GET"]}}],"collection":[{"href":"https:\/\/www.europesays.com\/fr\/wp-json\/wp\/v2\/posts"}],"about":[{"href":"https:\/\/www.europesays.com\/fr\/wp-json\/wp\/v2\/types\/post"}],"author":[{"embeddable":true,"href":"https:\/\/www.europesays.com\/fr\/wp-json\/wp\/v2\/users\/2"}],"replies":[{"embeddable":true,"href":"https:\/\/www.europesays.com\/fr\/wp-json\/wp\/v2\/comments?post=395728"}],"version-history":[{"count":0,"href":"https:\/\/www.europesays.com\/fr\/wp-json\/wp\/v2\/posts\/395728\/revisions"}],"wp:featuredmedia":[{"embeddable":true,"href":"https:\/\/www.europesays.com\/fr\/wp-json\/wp\/v2\/media\/395729"}],"wp:attachment":[{"href":"https:\/\/www.europesays.com\/fr\/wp-json\/wp\/v2\/media?parent=395728"}],"wp:term":[{"taxonomy":"category","embeddable":true,"href":"https:\/\/www.europesays.com\/fr\/wp-json\/wp\/v2\/categories?post=395728"},{"taxonomy":"post_tag","embeddable":true,"href":"https:\/\/www.europesays.com\/fr\/wp-json\/wp\/v2\/tags?post=395728"}],"curies":[{"name":"wp","href":"https:\/\/api.w.org\/{rel}","templated":true}]}}