{"id":395754,"date":"2025-09-16T19:10:15","date_gmt":"2025-09-16T19:10:15","guid":{"rendered":"https:\/\/www.europesays.com\/fr\/395754\/"},"modified":"2025-09-16T19:10:15","modified_gmt":"2025-09-16T19:10:15","slug":"saint-etienne-le-chanteur-slimane-condamne-a-10-000-euros-damende-pour-harcelement","status":"publish","type":"post","link":"https:\/\/www.europesays.com\/fr\/395754\/","title":{"rendered":"Saint-\u00c9tienne. Le chanteur Slimane condamn\u00e9 \u00e0 10 000 euros d&rsquo;amende pour harc\u00e8lement"},"content":{"rendered":"<p>Le chanteur Slimane a \u00e9t\u00e9 condamn\u00e9 ce mardi par le tribunal de Saint-\u00c9tienne (Loire) \u00e0 payer 10 000 euros d&rsquo;amende pour harc\u00e8lement sur un technicien durant un concert fin 2023.<\/p>\n<p>La condamnation sanctionne des faits de harc\u00e8lement commis par le biais d\u2019un support num\u00e9rique ou \u00e9lectronique, le 17 d\u00e9cembre 2023, au Z\u00e9nith de Saint-\u00c9tienne. L&rsquo;enqu\u00eate \u00ab n&rsquo;a pas permis de caract\u00e9riser les autres plaintes d\u00e9pos\u00e9es, lesquelles sont class\u00e9es sans suite \u00bb, a indiqu\u00e9 la procureure de Saint-\u00c9tienne Anne Gache. Le tribunal judiciaire de Saint-\u00c9tienne l&rsquo;a condamn\u00e9 \u00e0 une amende de 10 000 euros, dont 3 000 avec sursis. Slimane, 35 ans, faisait l&rsquo;objet d&rsquo;une enqu\u00eate pour des <a href=\"https:\/\/www.ledauphine.com\/faits-divers-justice\/2025\/01\/26\/slimane-accuse-d-agression-sexuelle-a-ete-entendu-par-la-police\" target=\"_blank\" rel=\"noopener\">faits d&rsquo;agression et de harc\u00e8lement sexuel sur deux techniciens<\/a> dans la nuit du 17 au 18 d\u00e9cembre 2023, au Z\u00e9nith de Saint-\u00c9tienne, \u00e0 pr\u00e9cis\u00e9 la cheffe du parquet st\u00e9phanois.<\/p>\n<p>Agression sexuelle<\/p>\n<p>Ce jugement en CRPC intervient apr\u00e8s une seconde convocation, cet \u00e9t\u00e9, du chanteur Slimane Nebchi par <a href=\"https:\/\/www.ledauphine.com\/faits-divers-justice\/2025\/01\/26\/le-chanteur-slimane-accuse-d-agression-sexuelle-a-ete-entendu-par-la-police\" target=\"_blank\" rel=\"noopener\">la police st\u00e9phanoise<\/a>, dans le cadre de l&rsquo;enqu\u00eate pr\u00e9liminaire ouverte en novembre dernier. Une premi\u00e8re plainte pour harc\u00e8lement sexuel avait \u00e9t\u00e9 d\u00e9pos\u00e9e par un technicien fin octobre 2024 pour des faits qui se seraient d\u00e9roul\u00e9s \u00e0 <a href=\"https:\/\/ledauphine.com\/faits-divers-justice\/2024\/11\/19\/plainte-pour-agression-sexuelle-contre-slimane-des-temoins-auraient-filme-la-scene\" target=\"_blank\" rel=\"noopener\">l&rsquo;issue d&rsquo;un concert<\/a> de l&rsquo;artiste \u00e0 Saint-\u00c9tienne, le 17 d\u00e9cembre 2023.<\/p>\n<p>Le 18 novembre, une deuxi\u00e8me plainte avait \u00e9t\u00e9 d\u00e9pos\u00e9e contre le chanteur fran\u00e7ais par un autre technicien de la tourn\u00e9e \u201cCupidon tour\u201d, cette fois pour des faits d&rsquo;agression sexuelle et tentative qui se seraient d\u00e9roul\u00e9s lors de la m\u00eame soir\u00e9e.<br \/>Dans les deux cas les faits reproch\u00e9s \u00e0 Slimane se seraient produits en pr\u00e9sence de t\u00e9moins, dont certains auraient film\u00e9 la sc\u00e8ne \u00e0 l&rsquo;aide de leur smartphone, selon Me Anne-Sophie Charrieras, conseil des plaignants.<\/p>\n","protected":false},"excerpt":{"rendered":"Le chanteur Slimane a \u00e9t\u00e9 condamn\u00e9 ce mardi par le tribunal de Saint-\u00c9tienne (Loire) \u00e0 payer 10 000&hellip;\n","protected":false},"author":2,"featured_media":395755,"comment_status":"","ping_status":"","sticky":false,"template":"","format":"standard","meta":{"footnotes":""},"categories":[9653],"tags":[1111,11,2430,271,1687,272,1777,674,274,107,1011,27,329,873,12,25,4001],"class_list":{"0":"post-395754","1":"post","2":"type-post","3":"status-publish","4":"format-standard","5":"has-post-thumbnail","7":"category-saint-etienne","8":"tag-actu","9":"tag-actualites","10":"tag-auvergne-rhone-alpes","11":"tag-crime","12":"tag-culture-loisirs","13":"tag-delit-et-contravention","14":"tag-eu","15":"tag-europe","16":"tag-faits-divers-justice","17":"tag-fil-info","18":"tag-fr","19":"tag-france","20":"tag-france-monde","21":"tag-musique","22":"tag-news","23":"tag-republique-francaise","24":"tag-saint-etienne"},"share_on_mastodon":{"url":"https:\/\/pubeurope.com\/@fr\/115215559825680181","error":""},"_links":{"self":[{"href":"https:\/\/www.europesays.com\/fr\/wp-json\/wp\/v2\/posts\/395754","targetHints":{"allow":["GET"]}}],"collection":[{"href":"https:\/\/www.europesays.com\/fr\/wp-json\/wp\/v2\/posts"}],"about":[{"href":"https:\/\/www.europesays.com\/fr\/wp-json\/wp\/v2\/types\/post"}],"author":[{"embeddable":true,"href":"https:\/\/www.europesays.com\/fr\/wp-json\/wp\/v2\/users\/2"}],"replies":[{"embeddable":true,"href":"https:\/\/www.europesays.com\/fr\/wp-json\/wp\/v2\/comments?post=395754"}],"version-history":[{"count":0,"href":"https:\/\/www.europesays.com\/fr\/wp-json\/wp\/v2\/posts\/395754\/revisions"}],"wp:featuredmedia":[{"embeddable":true,"href":"https:\/\/www.europesays.com\/fr\/wp-json\/wp\/v2\/media\/395755"}],"wp:attachment":[{"href":"https:\/\/www.europesays.com\/fr\/wp-json\/wp\/v2\/media?parent=395754"}],"wp:term":[{"taxonomy":"category","embeddable":true,"href":"https:\/\/www.europesays.com\/fr\/wp-json\/wp\/v2\/categories?post=395754"},{"taxonomy":"post_tag","embeddable":true,"href":"https:\/\/www.europesays.com\/fr\/wp-json\/wp\/v2\/tags?post=395754"}],"curies":[{"name":"wp","href":"https:\/\/api.w.org\/{rel}","templated":true}]}}