{"id":395772,"date":"2025-09-16T19:19:17","date_gmt":"2025-09-16T19:19:17","guid":{"rendered":"https:\/\/www.europesays.com\/fr\/395772\/"},"modified":"2025-09-16T19:19:17","modified_gmt":"2025-09-16T19:19:17","slug":"un-ancien-surveillant-juge-pour-avoir-agresse-sexuellement-23-collegiens-2","status":"publish","type":"post","link":"https:\/\/www.europesays.com\/fr\/395772\/","title":{"rendered":"Un ancien surveillant jug\u00e9 pour avoir agress\u00e9 sexuellement 23 coll\u00e9giens"},"content":{"rendered":"<p class=\"mb-4 text-lg md:leading-8 break-words\"><strong>p\u00e9docriminalit\u00e9 &#8211; L\u2019homme de 29 ans comparaissait devant le tribunal correctionnel de Rouen ce mardi pour des agressions sexuelles, complicit\u00e9 de viols et corruption de mineurs de moins de 15 ans<\/strong><\/p>\n<p class=\"mb-4 text-lg md:leading-8 break-words\">Une affaire gla\u00e7ante est jug\u00e9e au tribunal correctionnel de Rouen ce mardi. Un ancien assistant d\u2019\u00e9ducation du coll\u00e8ge Jehan Le Povremoyne, \u00e0 Sainte-Val\u00e9rie-en-Caux (<a href=\"https:\/\/www.20minutes.fr\/dossier\/seine_maritime-1?at_medium=RSS%20feed&amp;at_campaign=ynews&amp;utm_source=yahoo&amp;utm_medium=rss&amp;utm_campaign=news_feed&amp;utm_content=in_article_link\" rel=\"nofollow noopener\" target=\"_blank\" data-ylk=\"slk:Seine-Maritime;elm:context_link;itc:0;sec:content-canvas\" class=\"link \">Seine-Maritime<\/a>), \u00e2g\u00e9 de 29 ans, est poursuivi pour complicit\u00e9 de viol, <a href=\"https:\/\/www.20minutes.fr\/faits_divers\/4173343-20250916-yvelines-envie-toucher-entraineur-boxe-condamne-atteintes-sexuelles-mineures?at_medium=RSS%20feed&amp;at_campaign=ynews&amp;utm_source=yahoo&amp;utm_medium=rss&amp;utm_campaign=news_feed&amp;utm_content=in_article_link\" rel=\"nofollow noopener\" target=\"_blank\" data-ylk=\"slk:agressions sexuelles;elm:context_link;itc:0;sec:content-canvas\" class=\"link \">agressions sexuelles<\/a> et corruption de mineurs, d\u2019apr\u00e8s <a href=\"https:\/\/www.francebleu.fr\/infos\/faits-divers-justice\/un-ex-assistant-d-education-juge-a-rouen-pour-complicite-de-viol-agressions-sexuelles-et-corruption-de-mineurs-5482836?at_medium=RSS%20feed&amp;at_campaign=ynews&amp;utm_source=yahoo&amp;utm_medium=rss&amp;utm_campaign=news_feed&amp;utm_content=in_article_link\" rel=\"nofollow noopener\" target=\"_blank\" data-ylk=\"slk:Ici Normandie;elm:context_link;itc:0;sec:content-canvas\" class=\"link \">Ici Normandie<\/a>.<\/p>\n<p class=\"mb-4 text-lg md:leading-8 break-words\">Les faits se sont d\u00e9roul\u00e9s entre\u00a02022 et\u00a02023, sur des gar\u00e7ons \u00e2g\u00e9s de 11 \u00e0 14 ans. L\u2019affaire a \u00e9clat\u00e9 en mai\u00a02023, gr\u00e2ce au signalement d\u2019une autre assistante d\u2019\u00e9ducation du coll\u00e8ge Jehan Le Povremoyne. La jeune femme a alert\u00e9 sa hi\u00e9rarchie, puis les gendarmes, des agissements inappropri\u00e9s d\u2019un coll\u00e8gue qu\u2019elle a film\u00e9 avec son <a href=\"https:\/\/www.20minutes.fr\/dossier\/telephone?at_medium=RSS%20feed&amp;at_campaign=ynews&amp;utm_source=yahoo&amp;utm_medium=rss&amp;utm_campaign=news_feed&amp;utm_content=in_article_link\" rel=\"nofollow noopener\" target=\"_blank\" data-ylk=\"slk:t\u00e9l\u00e9phone;elm:context_link;itc:0;sec:content-canvas\" class=\"link \">t\u00e9l\u00e9phone<\/a>.<\/p>\n<p>Une trentaine de victimes<\/p>\n<p class=\"mb-4 text-lg md:leading-8 break-words\">Les gendarmes ont ensuite pris le relais et entendu 270 enfants durant leur <a href=\"https:\/\/www.20minutes.fr\/dossier\/enquete?at_medium=RSS%20feed&amp;at_campaign=ynews&amp;utm_source=yahoo&amp;utm_medium=rss&amp;utm_campaign=news_feed&amp;utm_content=in_article_link\" rel=\"nofollow noopener\" target=\"_blank\" data-ylk=\"slk:enqu\u00eate;elm:context_link;itc:0;sec:content-canvas\" class=\"link \">enqu\u00eate<\/a>. La plupart d\u2019entre eux ont c\u00f4toy\u00e9 le pr\u00e9venu \u00e0 l\u2019internat du coll\u00e8ge. Au total, les brigadiers ont identifi\u00e9 pr\u00e8s de 30 victimes. Des gar\u00e7ons de moins de 15 ans qui ont subi des caresses, des c\u00e2lins forc\u00e9s, des attouchements, voire des actes sexuels.<\/p>\n<p class=\"mb-4 text-lg md:leading-8 break-words\">Le pr\u00e9venu risque dix ans de <a href=\"https:\/\/www.20minutes.fr\/dossier\/prison?at_medium=RSS%20feed&amp;at_campaign=ynews&amp;utm_source=yahoo&amp;utm_medium=rss&amp;utm_campaign=news_feed&amp;utm_content=in_article_link\" rel=\"nofollow noopener\" target=\"_blank\" data-ylk=\"slk:prison;elm:context_link;itc:0;sec:content-canvas\" class=\"link \">prison<\/a>. Mais il ne sera pas le seul \u00e0 \u00e9coper d\u2019une peine. Le principal du <a href=\"https:\/\/www.20minutes.fr\/dossier\/college?at_medium=RSS%20feed&amp;at_campaign=ynews&amp;utm_source=yahoo&amp;utm_medium=rss&amp;utm_campaign=news_feed&amp;utm_content=in_article_link\" rel=\"nofollow noopener\" target=\"_blank\" data-ylk=\"slk:coll\u00e8ge;elm:context_link;itc:0;sec:content-canvas\" class=\"link \">coll\u00e8ge<\/a>, d\u00e9sormais retrait\u00e9, a \u00e9t\u00e9 condamn\u00e9 \u00e0\u00a01.000 euros d\u2019amende pour avoir menac\u00e9 la surveillante qui avait donn\u00e9 l\u2019alerte. Les familles des victimes, elles, attendent toujours les conclusions de l\u2019enqu\u00eate administrative ouverte par le rectorat en\u00a02023.<\/p>\n<p class=\"mb-4 text-lg md:leading-8 break-words\"><a href=\"https:\/\/www.20minutes.fr\/justice\/4173458-20250916-rouen-ancien-surveillant-juge-avoir-agresse-sexuellement-23-collegiens?at_medium=RSS%20feed&amp;at_campaign=ynews&amp;utm_source=yahoo&amp;utm_medium=rss&amp;utm_campaign=news_feed&amp;utm_content=read_more_link&quot;\" rel=\"nofollow noopener\" target=\"_blank\" data-ylk=\"slk:Lire la suite sur 20minutes;elm:context_link;itc:0;sec:content-canvas\" class=\"link \">Lire la suite sur 20minutes<\/a><\/p>\n<p>\u00c0 lire aussi :<br \/><a href=\"https:\/\/www.20minutes.fr\/societe\/4172787-20250912-mort-agathe-hilairet-deja-condamne-viol-agression-sexuelle-suspect-deja-pris-joggeuses?at_medium=RSS%20feed&amp;at_campaign=ynews&amp;utm_source=yahoo&amp;utm_medium=rss&amp;utm_campaign=news_feed&amp;utm_content=related_content_link\" rel=\"nofollow noopener\" target=\"_blank\" data-ylk=\"slk:Mort d\u2019Agathe Hilairet\u00a0: Condamn\u00e9 pour viol et agression sexuelle, le suspect s\u2019en \u00e9tait d\u00e9j\u00e0 pris \u00e0 des joggeuses;elm:context_link;itc:0;sec:content-canvas\" class=\"link \">Mort d\u2019Agathe Hilairet\u00a0: Condamn\u00e9 pour viol et agression sexuelle, le suspect s\u2019en \u00e9tait d\u00e9j\u00e0 pris \u00e0 des joggeuses<\/a><br \/><a href=\"https:\/\/www.20minutes.fr\/justice\/4170848-20250902-violences-sexuelles-saint-stanislas-nantes-ouverture-enquete-apres-suicide-victime-presumee?at_medium=RSS%20feed&amp;at_campaign=ynews&amp;utm_source=yahoo&amp;utm_medium=rss&amp;utm_campaign=news_feed&amp;utm_content=related_content_link\" rel=\"nofollow noopener\" target=\"_blank\" data-ylk=\"slk:Violences sexuelles \u00e0 Saint-Stanislas \u00e0 Nantes\u00a0: Ouverture d\u2019une enqu\u00eate apr\u00e8s le suicide d\u2019une victime pr\u00e9sum\u00e9e;elm:context_link;itc:0;sec:content-canvas\" class=\"link \">Violences sexuelles \u00e0 Saint-Stanislas \u00e0 Nantes\u00a0: Ouverture d\u2019une enqu\u00eate apr\u00e8s le suicide d\u2019une victime pr\u00e9sum\u00e9e<\/a><\/p>\n","protected":false},"excerpt":{"rendered":"p\u00e9docriminalit\u00e9 &#8211; L\u2019homme de 29 ans comparaissait devant le tribunal correctionnel de Rouen ce mardi pour des agressions&hellip;\n","protected":false},"author":2,"featured_media":395773,"comment_status":"","ping_status":"","sticky":false,"template":"","format":"standard","meta":{"footnotes":""},"categories":[9587],"tags":[1111,11,1401,1777,674,1011,27,52774,12,5161,1974,25,9590,25463],"class_list":{"0":"post-395772","1":"post","2":"type-post","3":"status-publish","4":"format-standard","5":"has-post-thumbnail","7":"category-rouen","8":"tag-actu","9":"tag-actualites","10":"tag-agressions-sexuelles","11":"tag-eu","12":"tag-europe","13":"tag-fr","14":"tag-france","15":"tag-jehan-le-povremoyne","16":"tag-news","17":"tag-normandie","18":"tag-pedocriminalite","19":"tag-republique-francaise","20":"tag-rouen","21":"tag-tribunal-correctionnel"},"share_on_mastodon":{"url":"https:\/\/pubeurope.com\/@fr\/115215595273627693","error":""},"_links":{"self":[{"href":"https:\/\/www.europesays.com\/fr\/wp-json\/wp\/v2\/posts\/395772","targetHints":{"allow":["GET"]}}],"collection":[{"href":"https:\/\/www.europesays.com\/fr\/wp-json\/wp\/v2\/posts"}],"about":[{"href":"https:\/\/www.europesays.com\/fr\/wp-json\/wp\/v2\/types\/post"}],"author":[{"embeddable":true,"href":"https:\/\/www.europesays.com\/fr\/wp-json\/wp\/v2\/users\/2"}],"replies":[{"embeddable":true,"href":"https:\/\/www.europesays.com\/fr\/wp-json\/wp\/v2\/comments?post=395772"}],"version-history":[{"count":0,"href":"https:\/\/www.europesays.com\/fr\/wp-json\/wp\/v2\/posts\/395772\/revisions"}],"wp:featuredmedia":[{"embeddable":true,"href":"https:\/\/www.europesays.com\/fr\/wp-json\/wp\/v2\/media\/395773"}],"wp:attachment":[{"href":"https:\/\/www.europesays.com\/fr\/wp-json\/wp\/v2\/media?parent=395772"}],"wp:term":[{"taxonomy":"category","embeddable":true,"href":"https:\/\/www.europesays.com\/fr\/wp-json\/wp\/v2\/categories?post=395772"},{"taxonomy":"post_tag","embeddable":true,"href":"https:\/\/www.europesays.com\/fr\/wp-json\/wp\/v2\/tags?post=395772"}],"curies":[{"name":"wp","href":"https:\/\/api.w.org\/{rel}","templated":true}]}}