{"id":395774,"date":"2025-09-16T19:20:14","date_gmt":"2025-09-16T19:20:14","guid":{"rendered":"https:\/\/www.europesays.com\/fr\/395774\/"},"modified":"2025-09-16T19:20:14","modified_gmt":"2025-09-16T19:20:14","slug":"le-maire-de-grenoble-suspendu-de-son-mandat-de-porte-parole-des-ecologistes","status":"publish","type":"post","link":"https:\/\/www.europesays.com\/fr\/395774\/","title":{"rendered":"le maire de Grenoble suspendu de son mandat de porte-parole des Ecologistes"},"content":{"rendered":"<p>\t\t\t\t\t\t\t\t\t\t\t<img loading=\"lazy\" decoding=\"async\" width=\"1110\" title=\"Affaire Piolle\/Martin : le maire de Grenoble suspendu de son mandat de porte-parole des Ecologistes\" class=\"img-fluid  mb-3\" src=\"https:\/\/grandgrenoble.alpes1.com\/media\/news\/thumb\/1110x624_affaire-piolle-martin-le-maire-de-grenoble-suspendu-de-son-mandat-de-porte-parole-des-ecologistes_68c9b01635be1.webp\" alt=\"Affaire Piolle\/Martin : le maire de Grenoble suspendu de son mandat de porte-parole des Ecologistes\" itemprop=\"image\" height=\"624\"\/>\t\t\t\t\t\t\t\t\t\t\t\t<\/p>\n<p>Affaire Piolle\/Martin : le maire de Grenoble suspendu de son mandat de porte-parole des Ecologistes &#8211; DR<\/p>\n<p itemprop=\"description\"><strong>Pas de cadeaux entre amis.<\/strong><\/p>\n<p>Devenu porte-parole des Ecologistes en avril dernier contre l&rsquo;avis de Marine Tondelier, Eric Piolle vient d&rsquo;\u00eatre suspendu de son mandat interne \u00e0 titre conservatoire.<\/p>\n<p>Le parti vert a confirm\u00e9 dans un communiqu\u00e9 l&rsquo;avoir \u00e9galement \u00e9cart\u00e9 du bureau politique. Il est reproch\u00e9 au maire de Grenoble de ne pas avoir fait preuve de transparence avec ses pairs concernant l&rsquo;affaire d&rsquo;un accord illicite pr\u00e9sum\u00e9 entre Elisa Martin et lui. Les Ecologistes \u00e9voquent ainsi \u00ab\u00a0les soup\u00e7ons qui p\u00e8sent sur lui (Eric Piolle ndlr)\u00a0\u00bb et le fait \u00ab\u00a0qu&rsquo;il n&rsquo;a pas souhait\u00e9 d\u00e9mentir peuvent avoir des cons\u00e9quences sur le parti et sa r\u00e9putation, notamment \u00e0 l&rsquo;approche des municipales\u00a0\u00bb.<\/p>\n<p>Eric Piolle aurait refus\u00e9 \u00ab\u00a0de d\u00e9mentir &#8211; en interne comme en externe\u00a0\u00bb les accusations formul\u00e9es par un ancien collaborateur de la Ville de Grenoble, Enzo Lesourt, dont le salaire aurait \u00e9t\u00e9 augment\u00e9, mais uniquement pour qu&rsquo;il retire ce montant suppl\u00e9mentaire chaque mois en liquide afin de le donner \u00e0 Elisa Martin. Un petit man\u00e8ge, entre 2017 et 2020, qui aurait rapport\u00e9 16 800 euros \u00e0 l&rsquo;actuelle d\u00e9put\u00e9e LFI.<\/p>\n<p>Des faits qui font l&rsquo;objet d&rsquo;une enqu\u00eate pour concussion. Cette derni\u00e8re a depuis \u00e9t\u00e9 d\u00e9pays\u00e9e \u00e0 Valence.<\/p>\n<p>Pour les Ecologistes, le simple fait de refuser de rendre des comptes \u00e0 Marine Tondelier est \u00ab\u00a0constitutif, \u00e0 lui seul, d&rsquo;une enfreinte \u00e0 nos valeurs de base (transparence, probit\u00e9, coop\u00e9ration, etc.) et \u00e0 nos principes de fonctionnement et est par ailleurs incompatible pour la fonction de porte-parole\u00a0\u00bb.<\/p>\n<p>Pourtant, l\u2019\u00e9dile grenoblois a toujours ni\u00e9 les faits dans la presse, en affirmant que la Ville \u00e9tait en conflit avec Enzo Lesourt durant cette m\u00eame p\u00e9riode. Il appara\u00eet donc \u00e9trange qu&rsquo;il ait refus\u00e9 de s&rsquo;expliquer aupr\u00e8s des Ecologistes \u00e0 ce sujet.<\/p>\n","protected":false},"excerpt":{"rendered":"Affaire Piolle\/Martin : le maire de Grenoble suspendu de son mandat de porte-parole des Ecologistes &#8211; DR Pas&hellip;\n","protected":false},"author":2,"featured_media":395775,"comment_status":"","ping_status":"","sticky":false,"template":"","format":"standard","meta":{"footnotes":""},"categories":[9566],"tags":[1111,11,7733,8279,2430,7736,650,7734,2889,2263,1777,674,1011,27,2731,8280,6417,1114,108,4662,12,3725,1825,25,7737],"class_list":{"0":"post-395774","1":"post","2":"type-post","3":"status-publish","4":"format-standard","5":"has-post-thumbnail","7":"category-grenoble","8":"tag-actu","9":"tag-actualites","10":"tag-alpes","11":"tag-alpes1","12":"tag-auvergne-rhone-alpes","13":"tag-cds","14":"tag-cinema","15":"tag-ecoute","16":"tag-emission","17":"tag-equipe","18":"tag-eu","19":"tag-europe","20":"tag-fr","21":"tag-france","22":"tag-grenoble","23":"tag-haute","24":"tag-information","25":"tag-infos","26":"tag-isere","27":"tag-journal","28":"tag-news","29":"tag-podcast","30":"tag-radio","31":"tag-republique-francaise","32":"tag-winamp"},"share_on_mastodon":{"url":"https:\/\/pubeurope.com\/@fr\/115215599139676797","error":""},"_links":{"self":[{"href":"https:\/\/www.europesays.com\/fr\/wp-json\/wp\/v2\/posts\/395774","targetHints":{"allow":["GET"]}}],"collection":[{"href":"https:\/\/www.europesays.com\/fr\/wp-json\/wp\/v2\/posts"}],"about":[{"href":"https:\/\/www.europesays.com\/fr\/wp-json\/wp\/v2\/types\/post"}],"author":[{"embeddable":true,"href":"https:\/\/www.europesays.com\/fr\/wp-json\/wp\/v2\/users\/2"}],"replies":[{"embeddable":true,"href":"https:\/\/www.europesays.com\/fr\/wp-json\/wp\/v2\/comments?post=395774"}],"version-history":[{"count":0,"href":"https:\/\/www.europesays.com\/fr\/wp-json\/wp\/v2\/posts\/395774\/revisions"}],"wp:featuredmedia":[{"embeddable":true,"href":"https:\/\/www.europesays.com\/fr\/wp-json\/wp\/v2\/media\/395775"}],"wp:attachment":[{"href":"https:\/\/www.europesays.com\/fr\/wp-json\/wp\/v2\/media?parent=395774"}],"wp:term":[{"taxonomy":"category","embeddable":true,"href":"https:\/\/www.europesays.com\/fr\/wp-json\/wp\/v2\/categories?post=395774"},{"taxonomy":"post_tag","embeddable":true,"href":"https:\/\/www.europesays.com\/fr\/wp-json\/wp\/v2\/tags?post=395774"}],"curies":[{"name":"wp","href":"https:\/\/api.w.org\/{rel}","templated":true}]}}