{"id":395780,"date":"2025-09-16T19:24:16","date_gmt":"2025-09-16T19:24:16","guid":{"rendered":"https:\/\/www.europesays.com\/fr\/395780\/"},"modified":"2025-09-16T19:24:16","modified_gmt":"2025-09-16T19:24:16","slug":"a-rennes-des-manifestants-investissent-la-place-de-la-mairie","status":"publish","type":"post","link":"https:\/\/www.europesays.com\/fr\/395780\/","title":{"rendered":"\u00e0 Rennes, des manifestants investissent la place de la Mairie"},"content":{"rendered":"<p>            Par<br \/>\n        <strong><br \/>\n            <a href=\"https:\/\/actu.fr\/auteur\/clemence-pays02-actu-fr\" title=\"Consulter tous les articles de Cl\u00e9mence Pays\" rel=\"nofollow noopener\" target=\"_blank\">Cl\u00e9mence Pays<\/a><br \/>\n        <\/strong><\/p>\n<p>        Publi\u00e9 le<\/p>\n<p>            16 sept. 2025 \u00e0 21h15        <\/p>\n<p>Mardi 16\u00a0septembre 2025, 17h30, place de la Mairie \u00e0 Rennes. Sur les marches de l\u2019Op\u00e9ra, une personne, puis deux, puis trois se r\u00e9unissent jusqu\u2019\u00e0 \u00eatre une trentaine. <strong>V\u00eatues de noires,<\/strong> elles se pr\u00e9parent \u00e0 manifester leur m\u00e9contentement.<\/p>\n<p class=\" wall-content\">18h30, apr\u00e8s un point sur l\u2019organisation, la manifestation commence. Rue de Co\u00ebtquen, les participants \u00e0 ce<strong> happening<\/strong> \u2013 <a href=\"https:\/\/actu.fr\/bretagne\/rennes_35238\/bloquons-tout-a-rennes-un-happening-aura-lieu-dans-le-centre-ville-ce-qu-il-faut-savoir_63167240.html\" rel=\"nofollow noopener\" target=\"_blank\">relay\u00e9 un peu plus t\u00f4t dans la journ\u00e9e sur le compte Instagram de Bloquons tout 35<\/a> \u2013 se placent en file indienne, masque chirurgical orn\u00e9 d\u2019une croix noire sur la bouche et pancarte \u00e0 la main. <strong>\u00ab\u2009Les personnes sans domicile\u2009\u00bb\u2009; \u00ab\u2009la mixit\u00e9 sociale\u2009\u00bb\u2009; \u00ab\u2009la biodiversit\u00e9\u2009\u00bb\u2009; \u00ab<a href=\"https:\/\/actu.fr\/tag\/mort-de-nahel\" rel=\"nofollow noopener\" target=\"_blank\">\u2009Nahel<\/a>\u2009\u00bb\u2026<\/strong> Ces mots brandis repr\u00e9sentent \u00ab\u2009ce que le gouvernement tue\u2009\u00bb, expliquent les manifestants.<\/p>\n<p>    <img   decoding=\"async\" loading=\"lazy\" src=\"https:\/\/www.europesays.com\/fr\/wp-content\/uploads\/2025\/09\/12-bloquons-tout-rennes-mobilisation-16-septembre-happening-place-de-la-mairie-culture-manifestation.jpeg\" alt=\"Une trentaine de personnes ont particip\u00e9 \u00e0 un happening dans le cadre du mouvement Bloquons tout.\" width=\"960\" height=\"640\"\/><br \/>\n    Une trentaine de personnes ont particip\u00e9 \u00e0 un happening dans le cadre du mouvement Bloquons tout. (\u00a9Cl\u00e9mence Pays\/actu Rennes)<\/p>\n<p class=\" wall-content\">Lentement, ils avancent en direction de la place de la Mairie, accompagn\u00e9s par quelques musiciens. Une banderole est tendue. En lettres capitales, la phrase <strong>\u00ab\u2009le gouvernement tue\u2009\u00bb<\/strong> appara\u00eet aux yeux des passants, qui s\u2019arr\u00eatent parfois, interloqu\u00e9s par cette mise en sc\u00e8ne.<\/p>\n<p class=\" wall-content\"><strong>Un \u00e0 un, les participants tombent au sol,<\/strong> symbolisant l\u2019effondrement des entit\u00e9s inscrites sur les pancartes. La musique revient, les hauts noirs laissent place \u00e0 de la couleurs et les corps se redressent. Les masques tombent et les bouches chantent\u2009:<\/p>\n<blockquote class=\"ac-article-quote wall-content\">\n<p>Entendez, entendez notre pas d\u00e9cid\u00e9, qui r\u00e9veillera du fond de la terre, comme un cri d&rsquo;\u00e2me qui esp\u00e8re, entendez&#8230;<\/p>\n<p>    <strong\/>\n            <\/p><\/blockquote>\n<p>    <img   decoding=\"async\" loading=\"lazy\" src=\"https:\/\/www.europesays.com\/fr\/wp-content\/uploads\/2025\/09\/6-bloquons-tout-rennes-mobilisation-16-septembre-happening-place-de-la-mairie-culture-manifestation-.jpeg\" alt=\"Les manifestants se sont couch\u00e9s au sol pour d\u00e9noncer \" width=\"960\" height=\"640\"\/><br \/>\n    Les manifestants se sont couch\u00e9s au sol pour d\u00e9noncer \u00ab\u2009ce que le gouvernement tue\u2009\u00bb. (\u00a9Cl\u00e9mence Pays\/actu Rennes)<\/p>\n<p>Votre r\u00e9gion, votre actu !<\/p>\n<p>Recevez chaque jour les infos qui comptent pour vous.<\/p>\n<p>\t<a href=\"https:\/\/actu.fr\/newsletter\" class=\"ac-btn ac-btn--corner ac-btn--medium ac-btn--blue800\" rel=\"nofollow noopener\" target=\"_blank\">S&rsquo;incrire<\/a><br \/>\nUne initiative venue du monde de la culture<\/p>\n<p class=\" wall-content\">Cette initiative est n\u00e9e \u00ab\u2009apr\u00e8s l\u2019AG Culture [assembl\u00e9e g\u00e9n\u00e9rale, N.D.L.R.] apr\u00e8s <a href=\"https:\/\/actu.fr\/bretagne\/rennes_35238\/10-septembre-a-rennes-rocade-bloquee-bus-incendie-interpellations-ce-qu-il-faut-retenir-de-cette-journee_63145725.html\" rel=\"nofollow noopener\" target=\"_blank\">la manifestation de mercredi<\/a>, expliquent les participants. On avait envie de <strong>porter une parole collective en lien avec la lutte et le mouvement Bloquons tout,<\/strong> en utilisant nos comp\u00e9tences dans le domaine de l\u2019art\u2009\u00bb.<\/p>\n<blockquote class=\"tiktok-embed\" cite=\"https:\/\/www.tiktok.com\/@acturennes\/video\/7550766731711679746\" data-video-id=\"7550766731711679746\" data-embed-from=\"oembed\" style=\"max-width:605px; min-width:325px;\"><p>\n<a target=\"_blank\" title=\"@acturennes\" href=\"https:\/\/www.tiktok.com\/@acturennes?refer=embed\" rel=\"nofollow noopener\">@acturennes<\/a> <\/p>\n<p>Mardi 16 septembre, \u00e0 Rennes, un happening \u00e9tait organis\u00e9 par des acteurs de la Culture et ouvert \u00e0 toutes et tous. Cette initiative s\u2019inscrit dans le mouvement Bloquons tout.  \ud83d\udc49 Plus d\u2019infos sur le site d\u2019actu Rennes  <a title=\"rennes\" target=\"_blank\" href=\"https:\/\/www.tiktok.com\/tag\/rennes?refer=embed\" rel=\"nofollow noopener\">#rennes<\/a> <a title=\"bloquonstout\" target=\"_blank\" href=\"https:\/\/www.tiktok.com\/tag\/bloquonstout?refer=embed\" rel=\"nofollow noopener\">#bloquonstout<\/a> <a title=\"manif\" target=\"_blank\" href=\"https:\/\/www.tiktok.com\/tag\/manif?refer=embed\" rel=\"nofollow noopener\">#manif<\/a> <a title=\"manifestation\" target=\"_blank\" href=\"https:\/\/www.tiktok.com\/tag\/manifestation?refer=embed\" rel=\"nofollow noopener\">#manifestation<\/a> <\/p>\n<p> <a target=\"_blank\" title=\"\u266c son original - actuRennes\" href=\"https:\/\/www.tiktok.com\/music\/son-original-7550766737942039318?refer=embed\" rel=\"nofollow noopener\">\u266c son original \u2013 actuRennes<\/a> <\/p>\n<\/blockquote>\n<p class=\" wall-content\">Sonia, artiste et l\u2019une des organisatrices de ce happening, pr\u00e9cise que, si cette id\u00e9e vient des acteurs de la culture,<strong> tout le monde \u00e9tait invit\u00e9 \u00e0 rejoindre l\u2019\u00e9v\u00e9nement<\/strong> qui \u00ab\u2009s\u2019inscrit dans un format diff\u00e9rent et compl\u00e9mentaire du blocage des ronds-points, pour <strong>parler \u00e0 un plus large public,<\/strong> qui n\u2019est pas forc\u00e9ment dans les manifs\u2009\u00bb.<\/p>\n<blockquote class=\"ac-article-quote wall-content\">\n<p>La force de Bloquons tout, c&rsquo;est de se rassembler rapidement et facilement. C&rsquo;est une organisation collective qui fonctionne bien. C&rsquo;est beau aussi de r\u00e9ussir \u00e0 faire des choses comme \u00e7a.<\/p>\n<p>    <strong>Un participant au happening<\/strong>\n            <\/p><\/blockquote>\n<p class=\" wall-content\">Avec ce happening, Sonia et les participants ont souhait\u00e9 <strong>\u00ab\u2009d\u00e9fendre nos droits collectifs de vivre ensemble et du vivant\u2009\u00bb,<\/strong> mais aussi \u00ab\u2009visibiliser ce que le gouvernement est en train de tuer ou a d\u00e9j\u00e0 tu\u00e9\u2009\u00bb.<\/p>\n<p>    <img   decoding=\"async\" loading=\"lazy\" src=\"https:\/\/www.europesays.com\/fr\/wp-content\/uploads\/2025\/09\/8-bloquons-tout-rennes-mobilisation-16-septembre-happening-place-de-la-mairie-culture-manifestation-.jpeg\" alt=\"La biodiversit\u00e9, le libre arbitre, l'\u00e9ducation... faisaient partie des revendications des manifestants.\" width=\"960\" height=\"640\"\/><br \/>\n    La biodiversit\u00e9, le libre arbitre, l\u2019\u00e9ducation\u2026 faisaient partie des revendications des manifestants. (\u00a9Cl\u00e9mence Pays\/actu Rennes)<\/p>\n<p class=\" wall-content\">\u00ab\u2009Ce qui se passe,<strong> \u00e7a nous concerne tous,<\/strong> ce n\u2019est pas juste un groupe de r\u00e9volt\u00e9s\u2009\u00bb, conclut Sonia.<\/p>\n<p>    <img   decoding=\"async\" loading=\"lazy\" src=\"https:\/\/www.europesays.com\/fr\/wp-content\/uploads\/2025\/09\/2-bloquons-tout-rennes-mobilisation-16-septembre-happening-place-de-la-mairie-culture-manifestation-.jpeg\" alt=\"Un chant a \u00e9t\u00e9 entonn\u00e9 \u00e0 la fin de l'\u00e9v\u00e9nement.\" width=\"960\" height=\"640\"\/><br \/>\n    Un chant a \u00e9t\u00e9 entonn\u00e9 \u00e0 la fin de l\u2019\u00e9v\u00e9nement. (\u00a9Cl\u00e9mence Pays\/actu Rennes)<\/p>\n<p class=\" wall-content\">Pour rappel, <a href=\"https:\/\/actu.fr\/bretagne\/rennes_35238\/greve-du-18-septembre-blocages-manifestation-a-quoi-s-attendre-pour-la-suite-de-la-mobilisation_63162028.html\" rel=\"nofollow noopener\" target=\"_blank\">des blocages sont pr\u00e9vus d\u00e8s 6h, \u00e0 Rennes, mercredi 17\u00a0septembre. Une manifestation port\u00e9e par l\u2019intersyndicale est \u00e9galement annonc\u00e9e \u00e0 13h, jeudi 18\u00a0septembre<\/a>.<\/p>\n<p class=\" wall-content\">Personnalisez votre actualit\u00e9 en ajoutant vos villes et m\u00e9dias en favori avec <a href=\"https:\/\/moncompte.actu.fr\" title=\"D\u00e9couvez Mon Actu\" rel=\"nofollow noopener\" data-trk=\"{&quot;cta&quot;:{&quot;action&quot;:&quot;https:\\\/\\\/moncompte.actu.fr&quot;,&quot;category&quot;:&quot;mon compte&quot;,&quot;from&quot;:&quot;article footer&quot;,&quot;name&quot;:&quot;Mon actu&quot;,&quot;type&quot;:&quot;cta&quot;}}\" target=\"_blank\">Mon Actu<\/a>.<\/p>\n<p>                    <script async src=\"\/\/www.tiktok.com\/embed.js\"><\/script><\/p>\n","protected":false},"excerpt":{"rendered":"Par Cl\u00e9mence Pays Publi\u00e9 le 16 sept. 2025 \u00e0 21h15 Mardi 16\u00a0septembre 2025, 17h30, place de la Mairie&hellip;\n","protected":false},"author":2,"featured_media":395781,"comment_status":"","ping_status":"","sticky":false,"template":"","format":"standard","meta":{"footnotes":""},"categories":[2821],"tags":[1111,11,47212,829,1777,674,1011,27,1272,12,584,25,104],"class_list":{"0":"post-395780","1":"post","2":"type-post","3":"status-publish","4":"format-standard","5":"has-post-thumbnail","7":"category-rennes","8":"tag-actu","9":"tag-actualites","10":"tag-bloquons-tout","11":"tag-bretagne","12":"tag-eu","13":"tag-europe","14":"tag-fr","15":"tag-france","16":"tag-manifestations","17":"tag-news","18":"tag-rennes","19":"tag-republique-francaise","20":"tag-societe"},"share_on_mastodon":{"url":"https:\/\/pubeurope.com\/@fr\/115215615477141274","error":""},"_links":{"self":[{"href":"https:\/\/www.europesays.com\/fr\/wp-json\/wp\/v2\/posts\/395780","targetHints":{"allow":["GET"]}}],"collection":[{"href":"https:\/\/www.europesays.com\/fr\/wp-json\/wp\/v2\/posts"}],"about":[{"href":"https:\/\/www.europesays.com\/fr\/wp-json\/wp\/v2\/types\/post"}],"author":[{"embeddable":true,"href":"https:\/\/www.europesays.com\/fr\/wp-json\/wp\/v2\/users\/2"}],"replies":[{"embeddable":true,"href":"https:\/\/www.europesays.com\/fr\/wp-json\/wp\/v2\/comments?post=395780"}],"version-history":[{"count":0,"href":"https:\/\/www.europesays.com\/fr\/wp-json\/wp\/v2\/posts\/395780\/revisions"}],"wp:featuredmedia":[{"embeddable":true,"href":"https:\/\/www.europesays.com\/fr\/wp-json\/wp\/v2\/media\/395781"}],"wp:attachment":[{"href":"https:\/\/www.europesays.com\/fr\/wp-json\/wp\/v2\/media?parent=395780"}],"wp:term":[{"taxonomy":"category","embeddable":true,"href":"https:\/\/www.europesays.com\/fr\/wp-json\/wp\/v2\/categories?post=395780"},{"taxonomy":"post_tag","embeddable":true,"href":"https:\/\/www.europesays.com\/fr\/wp-json\/wp\/v2\/tags?post=395780"}],"curies":[{"name":"wp","href":"https:\/\/api.w.org\/{rel}","templated":true}]}}