{"id":395788,"date":"2025-09-16T19:28:15","date_gmt":"2025-09-16T19:28:15","guid":{"rendered":"https:\/\/www.europesays.com\/fr\/395788\/"},"modified":"2025-09-16T19:28:15","modified_gmt":"2025-09-16T19:28:15","slug":"le-corps-dun-homme-retrouve-dans-le-port-de-saint-laurent-du-var","status":"publish","type":"post","link":"https:\/\/www.europesays.com\/fr\/395788\/","title":{"rendered":"le corps d\u2019un homme retrouv\u00e9 dans le port de Saint-Laurent-du-Var"},"content":{"rendered":"<p>\u00c2g\u00e9 de 26 ans, le jeune homme \u00e9tait port\u00e9 disparu depuis cette nuit, aux alentours d\u2019une discoth\u00e8que. Une enqu\u00eate a \u00e9t\u00e9 ouverte par le parquet de Grasse.<\/p>\n<p class=\"fig-paragraph\">Le corps d\u2019un jeune homme a \u00e9t\u00e9 retrouv\u00e9 dans l\u2019enceinte du\u00a0<a href=\"http:\/\/www.lefigaro.fr\/nice\/cinq-yachts-ravages-par-les-flammes-lors-d-un-spectaculaire-incendie-dans-le-port-de-saint-laurent-du-var-20240502\" data-fig-type=\"NewsFlash\" data-gtm-custom-categorie=\"navigation\" data-gtm-custom-action=\"crossclick\" data-gtm-custom-label=\"Contextuel\" data-gtm-event=\"customEventSPE\" data-fig-domain=\"LEFIGARO\" rel=\"nofollow noopener\" target=\"_blank\">port de Saint-Laurent-du-Var<\/a>, ce mardi 16 septembre, d\u2019apr\u00e8s les sauveteurs en mer confirmant une information de\u00a0<a href=\"https:\/\/www.bfmtv.com\/cote-d-azur\/info-bfm-nice-un-corps-retrouve-dans-le-port-de-saint-laurent-du-var-une-enquete-ouverte_AN-202509160681.html\" target=\"_blank\" rel=\"nofollow noopener\" data-gtm-custom-categorie=\"navigation\" data-gtm-custom-action=\"crossclick\" data-gtm-custom-label=\"Contextuel\" data-gtm-event=\"customEventSPE\">BFM Nice<\/a> .<\/p>\n<p class=\"fig-paragraph\">N\u00e9 en 1999, l\u2019homme de 26 ans \u00e9tait port\u00e9 disparu depuis cette nuit ; les sauveteurs du quartier Le Cros-de-Cagnes expliquent ainsi dans un communiqu\u00e9 avoir \u00e9t\u00e9 mobilis\u00e9s \u00abdans la nuit du 14 au 15 septembre aux abords d\u2019une discoth\u00e8que sur le port de Saint Laurent du Var\u00bb, en compl\u00e9ment de\u00a0<a href=\"http:\/\/www.lefigaro.fr\/nantes\/vers-une-inscription-des-pratiques-des-sauveteurs-en-mer-au-patrimoine-immateriel-de-l-humanite-20250111\" data-fig-type=\"NewsFlash\" data-gtm-custom-categorie=\"navigation\" data-gtm-custom-action=\"crossclick\" data-gtm-custom-label=\"Contextuel\" data-gtm-event=\"customEventSPE\" data-fig-domain=\"LEFIGARO\" rel=\"nofollow noopener\" target=\"_blank\">renforts maritimes<\/a>\u00a0et sous-marins.<\/p>\n<p class=\"fig-body-link\">\n            \u00c0 lire aussi<br \/>\n        <a class=\"fig-body-link__link\" href=\"http:\/\/www.lefigaro.fr\/nice\/sur-la-cote-d-azur-serie-alarmante-de-noyades-en-juillet-20240802\" data-fig-type=\"NewsFlash\" data-gtm-custom-categorie=\"navigation\" data-gtm-custom-action=\"crossclick\" data-gtm-custom-label=\"Contextuel\" data-gtm-event=\"customEventSPE\" data-fig-domain=\"LEFIGARO\" rel=\"nofollow noopener\" target=\"_blank\">Sur la C\u00f4te d\u2019Azur, s\u00e9rie alarmante de noyades en juillet<br \/>\n    <\/a>\n<\/p>\n<p>                                    <a class=\"fig-a11y-skip a11y-hidden\" href=\"#fig-a11y-skip-main-inarticle\"><br \/>\n        Passer la publicit\u00e9<br \/>\n    <\/a><\/p>\n<p class=\"fig-paragraph\">Selon la Direction d\u00e9partementale de la s\u00e9curit\u00e9 publique, c\u2019est d\u2019abord un appel de la capitainerie qui a signal\u00e9 le corps du disparu ; celui-ci a pu \u00eatre rep\u00each\u00e9 aux alentours de 13 heures, puis transport\u00e9 \u00e0 l\u2019institut m\u00e9dico-l\u00e9gal pour \u00eatre autopsi\u00e9.<\/p>\n<p class=\"fig-paragraph\">Une enqu\u00eate pour \u00e9claircir les circonstances de ce drame et identifier le corps a \u00e9t\u00e9 ouverte par le parquet de Grasse.<\/p>\n","protected":false},"excerpt":{"rendered":"\u00c2g\u00e9 de 26 ans, le jeune homme \u00e9tait port\u00e9 disparu depuis cette nuit, aux alentours d\u2019une discoth\u00e8que. Une&hellip;\n","protected":false},"author":2,"featured_media":395789,"comment_status":"","ping_status":"","sticky":false,"template":"","format":"standard","meta":{"footnotes":""},"categories":[2819],"tags":[1111,11,2898,2715,1777,674,1011,27,12,2401,7781,882,25],"class_list":{"0":"post-395788","1":"post","2":"type-post","3":"status-publish","4":"format-standard","5":"has-post-thumbnail","7":"category-nice","8":"tag-actu","9":"tag-actualites","10":"tag-alpes-maritimes","11":"tag-disparition","12":"tag-eu","13":"tag-europe","14":"tag-fr","15":"tag-france","16":"tag-news","17":"tag-nice","18":"tag-noyade","19":"tag-provence-alpes-cote-dazur","20":"tag-republique-francaise"},"share_on_mastodon":{"url":"https:\/\/pubeurope.com\/@fr\/115215630673752353","error":""},"_links":{"self":[{"href":"https:\/\/www.europesays.com\/fr\/wp-json\/wp\/v2\/posts\/395788","targetHints":{"allow":["GET"]}}],"collection":[{"href":"https:\/\/www.europesays.com\/fr\/wp-json\/wp\/v2\/posts"}],"about":[{"href":"https:\/\/www.europesays.com\/fr\/wp-json\/wp\/v2\/types\/post"}],"author":[{"embeddable":true,"href":"https:\/\/www.europesays.com\/fr\/wp-json\/wp\/v2\/users\/2"}],"replies":[{"embeddable":true,"href":"https:\/\/www.europesays.com\/fr\/wp-json\/wp\/v2\/comments?post=395788"}],"version-history":[{"count":0,"href":"https:\/\/www.europesays.com\/fr\/wp-json\/wp\/v2\/posts\/395788\/revisions"}],"wp:featuredmedia":[{"embeddable":true,"href":"https:\/\/www.europesays.com\/fr\/wp-json\/wp\/v2\/media\/395789"}],"wp:attachment":[{"href":"https:\/\/www.europesays.com\/fr\/wp-json\/wp\/v2\/media?parent=395788"}],"wp:term":[{"taxonomy":"category","embeddable":true,"href":"https:\/\/www.europesays.com\/fr\/wp-json\/wp\/v2\/categories?post=395788"},{"taxonomy":"post_tag","embeddable":true,"href":"https:\/\/www.europesays.com\/fr\/wp-json\/wp\/v2\/tags?post=395788"}],"curies":[{"name":"wp","href":"https:\/\/api.w.org\/{rel}","templated":true}]}}