{"id":395807,"date":"2025-09-16T19:41:15","date_gmt":"2025-09-16T19:41:15","guid":{"rendered":"https:\/\/www.europesays.com\/fr\/395807\/"},"modified":"2025-09-16T19:41:15","modified_gmt":"2025-09-16T19:41:15","slug":"lyon-deux-policiers-blesses-lors-de-larrestation-de-voleurs-a-la-roulotte","status":"publish","type":"post","link":"https:\/\/www.europesays.com\/fr\/395807\/","title":{"rendered":"Lyon. Deux policiers bless\u00e9s lors de l\u2019arrestation de voleurs \u00e0 la roulotte"},"content":{"rendered":"<p>Deux hommes en situation irr\u00e9guli\u00e8re, surpris en train de commettre des vols dans des voitures, se sont rebell\u00e9s lors de leur interpellation, blessant s\u00e9rieusement deux policiers qui ont subi chacun dix jours d\u2019ITT.<\/p>\n<p>Dimanche 14\u00a0septembre vers 6\u00a0h\u00a020, la police a \u00e9t\u00e9 appel\u00e9e pour des individus suspects dans un garage souterrain de la rue de Bonnel \u00e0 Lyon (3e). Rapidement sur place, les fonctionnaires ont rep\u00e9r\u00e9 deux hommes, en train de fouiller des voitures dont les d\u00e9flecteurs \u00e9taient bris\u00e9s.<\/p>\n<p>  Ils ont ni\u00e9 les faits<\/p>\n<p>Les voleurs ont tent\u00e9 de prendre la fuite et ont frapp\u00e9 violemment les policiers pour tenter de leur \u00e9chapper. Ils ont finalement \u00e9t\u00e9 ma\u00eetris\u00e9s et interpell\u00e9s, puis plac\u00e9s en garde \u00e0 vue. Le plus \u00e2g\u00e9, un Alg\u00e9rien de 39 ans connu des services de police \u00e9tait en possession d\u2019Airpods vol\u00e9s dans une des voitures, qui ont \u00e9t\u00e9 rendus \u00e0 leur propri\u00e9taire. Comme son complice, un Tunisien \u00e2g\u00e9 de 27 ans, il a ni\u00e9 les faits.<\/p>\n<p>Le plus \u00e2g\u00e9 s\u2019est vu d\u00e9livrer une assignation \u00e0 r\u00e9sidence et une <a href=\"https:\/\/www.leprogres.fr\/societe\/2024\/11\/13\/oqtf-en-quoi-consiste-cette-mesure-administrative-d-eloignement\" target=\"_blank\" rel=\"noopener\">OQTF (obligation de quitter le territoire fran\u00e7ais<\/a>), assortie d\u2019une assignation \u00e0 r\u00e9sidence, a \u00e9t\u00e9 notifi\u00e9e au plus jeune.<\/p>\n<p>Ce contenu est bloqu\u00e9 car vous n&rsquo;avez pas accept\u00e9 les cookies et autres traceurs.<\/p>\n<p>En cliquant sur \u00ab J\u2019accepte \u00bb, les cookies et autres traceurs seront d\u00e9pos\u00e9s et vous pourrez visualiser les contenus  (<a href=\"\" class=\"consentModule_policy\" target=\"_blank\" title=\"Consulter la politique de protection des donn\u00e9es du fournisseur\">plus d&rsquo;informations<\/a>).<\/p>\n<p>En cliquant sur \u00ab J\u2019accepte tous les cookies \u00bb, vous autorisez des d\u00e9p\u00f4ts de cookies et autres traceurs pour le stockage de vos donn\u00e9es sur nos sites et applications \u00e0 des fins de personnalisation et de ciblage publicitaire.<\/p>\n<p class=\"consentModule_secondaryText\">Vous gardez la possibilit\u00e9 de retirer votre consentement \u00e0 tout moment en consultant notre <a href=\"https:\/\/www.leprogres.fr\/protection-des-donnees\" target=\"_blank\" title=\"Consulter notre politique de protection des donn\u00e9es\" rel=\"noopener\">politique de protection des donn\u00e9es<\/a>. <br \/>&#13;<br \/>\n            <a href=\"https:\/\/www.leprogres.fr\/faits-divers-justice\/2025\/09\/16\/javascript:Didomi.notice.show()\" class=\"consentModule_cmp\" target=\"_blank\" rel=\"noopener\">G\u00e9rer mes choix<\/a>&#13;\n        <\/p>\n<p>&#13;<br \/>\n                        J&rsquo;accepte&#13;<br \/>\n            J&rsquo;accepte tous les cookies&#13;\n        <\/p>\n<p>Les deux hommes ont \u00e9t\u00e9 pr\u00e9sent\u00e9s ce mardi au parquet en vue d\u2019une comparution imm\u00e9diate.<\/p>\n","protected":false},"excerpt":{"rendered":"Deux hommes en situation irr\u00e9guli\u00e8re, surpris en train de commettre des vols dans des voitures, se sont rebell\u00e9s&hellip;\n","protected":false},"author":2,"featured_media":395808,"comment_status":"","ping_status":"","sticky":false,"template":"","format":"standard","meta":{"footnotes":""},"categories":[1889],"tags":[1111,11,2430,271,272,2757,1777,674,274,107,1011,27,2428,4751,4750,12,25,2429],"class_list":{"0":"post-395807","1":"post","2":"type-post","3":"status-publish","4":"format-standard","5":"has-post-thumbnail","7":"category-lyon","8":"tag-actu","9":"tag-actualites","10":"tag-auvergne-rhone-alpes","11":"tag-crime","12":"tag-delit-et-contravention","13":"tag-edition-lyon-villeurbanne","14":"tag-eu","15":"tag-europe","16":"tag-faits-divers-justice","17":"tag-fil-info","18":"tag-fr","19":"tag-france","20":"tag-lyon","21":"tag-lyon-3e","22":"tag-lyon-3e-arrondissement","23":"tag-news","24":"tag-republique-francaise","25":"tag-rhone"},"share_on_mastodon":{"url":"https:\/\/pubeurope.com\/@fr\/115215681732057785","error":""},"_links":{"self":[{"href":"https:\/\/www.europesays.com\/fr\/wp-json\/wp\/v2\/posts\/395807","targetHints":{"allow":["GET"]}}],"collection":[{"href":"https:\/\/www.europesays.com\/fr\/wp-json\/wp\/v2\/posts"}],"about":[{"href":"https:\/\/www.europesays.com\/fr\/wp-json\/wp\/v2\/types\/post"}],"author":[{"embeddable":true,"href":"https:\/\/www.europesays.com\/fr\/wp-json\/wp\/v2\/users\/2"}],"replies":[{"embeddable":true,"href":"https:\/\/www.europesays.com\/fr\/wp-json\/wp\/v2\/comments?post=395807"}],"version-history":[{"count":0,"href":"https:\/\/www.europesays.com\/fr\/wp-json\/wp\/v2\/posts\/395807\/revisions"}],"wp:featuredmedia":[{"embeddable":true,"href":"https:\/\/www.europesays.com\/fr\/wp-json\/wp\/v2\/media\/395808"}],"wp:attachment":[{"href":"https:\/\/www.europesays.com\/fr\/wp-json\/wp\/v2\/media?parent=395807"}],"wp:term":[{"taxonomy":"category","embeddable":true,"href":"https:\/\/www.europesays.com\/fr\/wp-json\/wp\/v2\/categories?post=395807"},{"taxonomy":"post_tag","embeddable":true,"href":"https:\/\/www.europesays.com\/fr\/wp-json\/wp\/v2\/tags?post=395807"}],"curies":[{"name":"wp","href":"https:\/\/api.w.org\/{rel}","templated":true}]}}