{"id":395813,"date":"2025-09-16T19:46:19","date_gmt":"2025-09-16T19:46:19","guid":{"rendered":"https:\/\/www.europesays.com\/fr\/395813\/"},"modified":"2025-09-16T19:46:19","modified_gmt":"2025-09-16T19:46:19","slug":"vol-de-pepites-dor-au-museum-dhistoire-naturelle-une-partie-du-musee-fermee-au-public","status":"publish","type":"post","link":"https:\/\/www.europesays.com\/fr\/395813\/","title":{"rendered":"vol de p\u00e9pites d\u2019or au Mus\u00e9um d\u2019Histoire naturelle, une partie du mus\u00e9e ferm\u00e9e au public"},"content":{"rendered":"<p>            Par<br \/>\n        <strong><br \/>\n            <a href=\"https:\/\/actu.fr\/auteur\/sarah-coulet\" title=\"Consulter tous les articles de Sarah Coulet\" rel=\"nofollow noopener\" target=\"_blank\">Sarah Coulet<\/a><br \/>\n        <\/strong><\/p>\n<p>        Publi\u00e9 le<\/p>\n<p>            16 sept. 2025 \u00e0 20h34        <\/p>\n<p>S\u00e9rie noire pour le Mus\u00e9um d\u2019Histoire naturelle de Paris. Apr\u00e8s une <a href=\"https:\/\/actu.fr\/ile-de-france\/paris_75056\/cyberattaque-du-museum-d-histoire-naturelle-de-paris-la-direction-prend-a-contrecoeur-une-lourde-decision_63116878.html\" rel=\"nofollow noopener\" target=\"_blank\">cyberattaque fin juillet<\/a>, le mus\u00e9e vient d\u2019\u00eatre la cible d\u2019un <strong>nouvel acte de vandalisme<\/strong> : le vol de certaines pi\u00e8ces de ses collections. D\u2019apr\u00e8s les informations d\u2019<a href=\"https:\/\/actu17.fr\/faits-divers\/info-actu17-paris-cambriolage-nocturne-au-museum-dhistoire-naturelle-le-butin-estime-a-600-000-eur.html\" rel=\"nofollow noopener\" target=\"_blank\">Actu17<\/a>, confirm\u00e9es \u00e0 <a href=\"https:\/\/actu.fr\/paris\/dernieres-actus\" rel=\"nofollow noopener\" target=\"_blank\">actu Paris<\/a> par le parquet, des p\u00e9pites d\u2019or ont \u00e9t\u00e9 d\u00e9rob\u00e9es.<\/p>\n<p>\u00ab Une perte inestimable \u00bb<\/p>\n<p class=\" wall-content\">Les faits ont eu lieu dans la nuit de lundi 15 \u00e0 mardi 16 septembre 2026. C\u2019est une employ\u00e9e de m\u00e9nage qui a constat\u00e9 le vol \u00e0 son arriv\u00e9e dans la galerie de G\u00e9ologie et de Min\u00e9ralogie de l\u2019institution. Toujours selon le minist\u00e8re public, des <strong>infractions<\/strong> ont \u00e9t\u00e9 constat\u00e9es sur les acc\u00e8s.<\/p>\n<p class=\" wall-content\">\u00ab Le vol concerne plusieurs sp\u00e9cimens d\u2019or natif, issus des collections nationales conserv\u00e9es par le Mus\u00e9um \u00bb, a pr\u00e9cis\u00e9 de son c\u00f4t\u00e9 le Mus\u00e9um, qui d\u00e9plore une perte \u00ab <strong>inestimable<\/strong> pour la recherche, le patrimoine et sa diffusion aupr\u00e8s du public \u00bb.<\/p>\n<p class=\" wall-content\">D\u00e9j\u00e0 <a href=\"https:\/\/actu.fr\/ile-de-france\/paris_75056\/cyberattaque-du-museum-d-histoire-naturelle-de-paris-la-direction-prend-a-contrecoeur-une-lourde-decision_63116878.html\" rel=\"nofollow noopener\" target=\"_blank\">contraint d\u2019annuler la 5e \u00e9dition de son Automne Tropical<\/a> en raison de la cyberattaque survenue au cours de l\u2019\u00e9t\u00e9, ce cambriolage oblige maintenant le mus\u00e9e \u00e0 <strong>fermer au public<\/strong> la Galerie de G\u00e9ologie et de Min\u00e9ralogie, pour \u00ab des raisons de s\u00e9curit\u00e9 et d\u2019enqu\u00eate \u00bb.<\/p>\n<p class=\" wall-content\">Une enqu\u00eate a \u00e9t\u00e9 ouverte pour <strong>vol en bande organis\u00e9e<\/strong> et confi\u00e9e \u00e0 la brigade de r\u00e9pression du banditisme.<\/p>\n<p class=\" wall-content\">Personnalisez votre actualit\u00e9 en ajoutant vos villes et m\u00e9dias en favori avec <a href=\"https:\/\/moncompte.actu.fr\" title=\"D\u00e9couvez Mon Actu\" rel=\"nofollow noopener\" data-trk=\"{&quot;cta&quot;:{&quot;action&quot;:&quot;https:\\\/\\\/moncompte.actu.fr&quot;,&quot;category&quot;:&quot;mon compte&quot;,&quot;from&quot;:&quot;article footer&quot;,&quot;name&quot;:&quot;Mon actu&quot;,&quot;type&quot;:&quot;cta&quot;}}\" target=\"_blank\">Mon Actu<\/a>.<\/p>\n","protected":false},"excerpt":{"rendered":"Par Sarah Coulet Publi\u00e9 le 16 sept. 2025 \u00e0 20h34 S\u00e9rie noire pour le Mus\u00e9um d\u2019Histoire naturelle de&hellip;\n","protected":false},"author":2,"featured_media":395814,"comment_status":"","ping_status":"","sticky":false,"template":"","format":"standard","meta":{"footnotes":""},"categories":[1888],"tags":[1111,1928,11,1927,1174,1777,674,118,1011,27,12,1926,626,1925,2551,25],"class_list":{"0":"post-395813","1":"post","2":"type-post","3":"status-publish","4":"format-standard","5":"has-post-thumbnail","7":"category-paris","8":"tag-actu","9":"tag-actu-paris","10":"tag-actualites","11":"tag-actualites-paris","12":"tag-cambriolage","13":"tag-eu","14":"tag-europe","15":"tag-faits-divers","16":"tag-fr","17":"tag-france","18":"tag-news","19":"tag-news-paris","20":"tag-paris","21":"tag-paris-news","22":"tag-patrimoine","23":"tag-republique-francaise"},"share_on_mastodon":{"url":"https:\/\/pubeurope.com\/@fr\/115215701344608135","error":""},"_links":{"self":[{"href":"https:\/\/www.europesays.com\/fr\/wp-json\/wp\/v2\/posts\/395813","targetHints":{"allow":["GET"]}}],"collection":[{"href":"https:\/\/www.europesays.com\/fr\/wp-json\/wp\/v2\/posts"}],"about":[{"href":"https:\/\/www.europesays.com\/fr\/wp-json\/wp\/v2\/types\/post"}],"author":[{"embeddable":true,"href":"https:\/\/www.europesays.com\/fr\/wp-json\/wp\/v2\/users\/2"}],"replies":[{"embeddable":true,"href":"https:\/\/www.europesays.com\/fr\/wp-json\/wp\/v2\/comments?post=395813"}],"version-history":[{"count":0,"href":"https:\/\/www.europesays.com\/fr\/wp-json\/wp\/v2\/posts\/395813\/revisions"}],"wp:featuredmedia":[{"embeddable":true,"href":"https:\/\/www.europesays.com\/fr\/wp-json\/wp\/v2\/media\/395814"}],"wp:attachment":[{"href":"https:\/\/www.europesays.com\/fr\/wp-json\/wp\/v2\/media?parent=395813"}],"wp:term":[{"taxonomy":"category","embeddable":true,"href":"https:\/\/www.europesays.com\/fr\/wp-json\/wp\/v2\/categories?post=395813"},{"taxonomy":"post_tag","embeddable":true,"href":"https:\/\/www.europesays.com\/fr\/wp-json\/wp\/v2\/tags?post=395813"}],"curies":[{"name":"wp","href":"https:\/\/api.w.org\/{rel}","templated":true}]}}