{"id":395819,"date":"2025-09-16T19:49:21","date_gmt":"2025-09-16T19:49:21","guid":{"rendered":"https:\/\/www.europesays.com\/fr\/395819\/"},"modified":"2025-09-16T19:49:21","modified_gmt":"2025-09-16T19:49:21","slug":"en-labsence-dunion-de-la-gauche-lucie-castets-songe-a-se-presenter-a-paris-dans-la-circonscription-de-sophia-chikirou-liberation","status":"publish","type":"post","link":"https:\/\/www.europesays.com\/fr\/395819\/","title":{"rendered":"En l\u2019absence d\u2019union de la gauche, Lucie Castets songe \u00e0 se pr\u00e9senter \u00e0 Paris dans la circonscription de Sophia Chikirou \u2013 Lib\u00e9ration"},"content":{"rendered":"<p class=\"sc-cPiKLX AiZTS text-element\">Lorsqu\u2019elle a vu le nom d\u2019Olivier Faure s\u2019afficher sur son t\u00e9l\u00e9phone en juillet 2024, <a href=\"https:\/\/www.liberation.fr\/tags\/lucie-castets\/?redirected=1\" target=\"_blank\" rel=\"noopener\" title=\"https:\/\/www.liberation.fr\/tags\/lucie-castets\/?redirected=1\">Lucie Castets<\/a> a d\u2019abord ri \u00e0 l\u2019\u00e9vocation de cette id\u00e9e : et si le premier secr\u00e9taire du Parti socialiste (PS) l\u2019appelait pour lui proposer Matignon ? Hors de la vie politique, elle suivait de loin les d\u00e9bats de la gauche, qui se cherchait un candidat pour le poste de Premier ministre apr\u00e8s les l\u00e9gislatives anticip\u00e9es. Un an plus tard, la vie de cette haute fonctionnaire a \u00e9t\u00e9 boulevers\u00e9e. Il y a eu la campagne pour Matignon avec le Nouveau Front populaire (NFP), puis<a href=\"https:\/\/www.liberation.fr\/politique\/reunis-par-lucie-castets-socialistes-ecolos-et-anciens-insoumis-sentendent-sur-le-principe-dun-processus-unitaire-pour-2027-20250702_GIMIGNEJORDKJJOV6B5RKV52SY\/\" target=\"_blank\" rel=\"noopener\" title=\"https:\/\/www.liberation.fr\/politique\/reunis-par-lucie-castets-socialistes-ecolos-et-anciens-insoumis-sentendent-sur-le-principe-dun-processus-unitaire-pour-2027-20250702_GIMIGNEJORDKJJOV6B5RKV52SY\/\"> le \u00abserment de Bagneux\u00bb<\/a>, ou la promesse d\u2019une primaire de la gauche, amput\u00e9e des insoumis, qui l\u2019excluent. D\u2019o\u00f9 le paradoxe Lucie Castets, figure de la gauche, toujours sans mandat ni fonction officielle, apr\u00e8s la chute de deux gouvernements. \u00abJe crois que [les socialistes] l\u2019ont pass\u00e9e par-dessus bord en cours de route !\u00bb  <\/p>\n","protected":false},"excerpt":{"rendered":"Lorsqu\u2019elle a vu le nom d\u2019Olivier Faure s\u2019afficher sur son t\u00e9l\u00e9phone en juillet 2024, Lucie Castets a d\u2019abord&hellip;\n","protected":false},"author":2,"featured_media":395820,"comment_status":"","ping_status":"","sticky":false,"template":"","format":"standard","meta":{"footnotes":""},"categories":[1888],"tags":[11,1777,674,1011,27,13519,780,13520,12,626,429,25],"class_list":{"0":"post-395819","1":"post","2":"type-post","3":"status-publish","4":"format-standard","5":"has-post-thumbnail","7":"category-paris","8":"tag-actualites","9":"tag-eu","10":"tag-europe","11":"tag-fr","12":"tag-france","13":"tag-front-populaire","14":"tag-lfi","15":"tag-lucie-castets","16":"tag-news","17":"tag-paris","18":"tag-ps","19":"tag-republique-francaise"},"share_on_mastodon":{"url":"https:\/\/pubeurope.com\/@fr\/115215713146734089","error":""},"_links":{"self":[{"href":"https:\/\/www.europesays.com\/fr\/wp-json\/wp\/v2\/posts\/395819","targetHints":{"allow":["GET"]}}],"collection":[{"href":"https:\/\/www.europesays.com\/fr\/wp-json\/wp\/v2\/posts"}],"about":[{"href":"https:\/\/www.europesays.com\/fr\/wp-json\/wp\/v2\/types\/post"}],"author":[{"embeddable":true,"href":"https:\/\/www.europesays.com\/fr\/wp-json\/wp\/v2\/users\/2"}],"replies":[{"embeddable":true,"href":"https:\/\/www.europesays.com\/fr\/wp-json\/wp\/v2\/comments?post=395819"}],"version-history":[{"count":0,"href":"https:\/\/www.europesays.com\/fr\/wp-json\/wp\/v2\/posts\/395819\/revisions"}],"wp:featuredmedia":[{"embeddable":true,"href":"https:\/\/www.europesays.com\/fr\/wp-json\/wp\/v2\/media\/395820"}],"wp:attachment":[{"href":"https:\/\/www.europesays.com\/fr\/wp-json\/wp\/v2\/media?parent=395819"}],"wp:term":[{"taxonomy":"category","embeddable":true,"href":"https:\/\/www.europesays.com\/fr\/wp-json\/wp\/v2\/categories?post=395819"},{"taxonomy":"post_tag","embeddable":true,"href":"https:\/\/www.europesays.com\/fr\/wp-json\/wp\/v2\/tags?post=395819"}],"curies":[{"name":"wp","href":"https:\/\/api.w.org\/{rel}","templated":true}]}}