{"id":395821,"date":"2025-09-16T19:50:22","date_gmt":"2025-09-16T19:50:22","guid":{"rendered":"https:\/\/www.europesays.com\/fr\/395821\/"},"modified":"2025-09-16T19:50:22","modified_gmt":"2025-09-16T19:50:22","slug":"drones-russes-mercosur-les-enseignements-de-la-visite-en-france-du-president-polonais","status":"publish","type":"post","link":"https:\/\/www.europesays.com\/fr\/395821\/","title":{"rendered":"Drones russes, Mercosur : les enseignements de la visite en France du pr\u00e9sident polonais"},"content":{"rendered":"<p>          <img decoding=\"async\" class=\"c-ad__placeholder__logo\" src=\"https:\/\/static.euronews.com\/website\/images\/logos\/logo-euronews-stacked-outlined-72x72-grey-9.svg\" width=\"72\" height=\"72\" alt=\"\" loading=\"lazy\"\/><br \/>\n          PUBLICIT\u00c9<\/p>\n<p>Le pr\u00e9sident polonais Karol Nawrocki s&rsquo;est rendu mardi \u00e0 Paris apr\u00e8s une escale \u00e0 Berlin, o\u00f9 il s&rsquo;est entretenu avec le pr\u00e9sident allemand Frank-Walter Steinmeier et le chancelier Friedrich Merz.<\/p>\n<p>La visite en France, annonc\u00e9e comme un symbole du renforcement des liens franco-polonais, a d\u00e9but\u00e9 par un accueil officiel devant le Palais de l&rsquo;Elys\u00e9e apr\u00e8s 17 heures.<\/p>\n<p>Elle a \u00e9t\u00e9 suivie d&rsquo;une r\u00e9union pl\u00e9ni\u00e8re pr\u00e9sid\u00e9e par les deux dirigeants Emmanuel Macron et Karol Nawrocki, puis d&rsquo;entretiens individuels. Comme l&rsquo;a indiqu\u00e9 le chef du bureau polonais de la politique internationale, Marcin Przydacz, l&rsquo;ordre du jour portait sur les questions de s\u00e9curit\u00e9 r\u00e9gionale, la politique de l&rsquo;UE et les relations bilat\u00e9rales, y compris la ratification du trait\u00e9 de Nancy.<\/p>\n<p>La s\u00e9curit\u00e9 au premier plan<\/p>\n<p>Les discussions, ax\u00e9es sur la s\u00e9curit\u00e9 du flanc est de l&rsquo;OTAN, la politique de l&rsquo;UE et les relations bilat\u00e9rales, interviennent \u00e0 un moment exceptionnellement tendu, apr\u00e8s la violation de l&rsquo;espace a\u00e9rien polonais par 19 drones russes le 10 septembre.<\/p>\n<p>Le pr\u00e9sident polonais a remerci\u00e9 Emmanuel Macron d&rsquo;avoir renforc\u00e9 la d\u00e9fense a\u00e9rienne de la Pologne.<\/p>\n<p>\u00ab\u00a0La discussion a port\u00e9 sur les questions de s\u00e9curit\u00e9. J&rsquo;ai remerci\u00e9 le pr\u00e9sident d&rsquo;avoir envoy\u00e9 trois Rafale en r\u00e9ponse rapide \u00e0 ce qui s&rsquo;est pass\u00e9 le 10 septembre\u00a0\u00bb, a d\u00e9clar\u00e9 le Karol Nawrocki aux journalistes apr\u00e8s la r\u00e9union, ajoutant que \u00ab\u00a0de nombreux sujets unissent la Pologne et la France\u00a0\u00bb.<\/p>\n<p>Doutes sur le Mercosur<\/p>\n<p>Les deux dirigeants ont accord\u00e9 une attention particuli\u00e8re \u00e0 l&rsquo;accord commercial entre l&rsquo;UE et le Mercosur, un bloc de cinq pays d&rsquo;Am\u00e9rique du Sud (Argentine, Bolivie, Br\u00e9sil, Paraguay, Uruguay). Les deux pr\u00e9sidents, qui repr\u00e9sentent les int\u00e9r\u00eats des agriculteurs europ\u00e9ens, ont exprim\u00e9 leur opposition \u00e0 cet accord, estimant qu&rsquo;il pourrait porter atteinte au secteur agricole de l&rsquo;UE en raison d&rsquo;une concurrence d\u00e9loyale.<\/p>\n<p>\u00ab\u00a0La France et son pr\u00e9sident ont \u00e9galement de nombreux doutes sur cet accord. Les voix des agriculteurs fran\u00e7ais se font entendre\u00a0\u00bb, a comment\u00e9 Karol Nawrocki.<\/p>\n<p>Le dirigeant polonais est all\u00e9 plus loin en soulignant les risques g\u00e9opolitiques de cet accord commercial : \u00ab\u00a0La signature de l&rsquo;accord signifie \u00e9galement un soutien d&rsquo;un c\u00f4t\u00e9 \u00e0 la Russie, de l&rsquo;autre au B\u00e9larus en termes de fourniture d&rsquo;engrais \u00e0 l&rsquo;Am\u00e9rique du Sud, ce qui constitue une certaine incoh\u00e9rence de la part des pays de l&rsquo;UE\u00a0\u00bb.<\/p>\n<p>Les pays du Mercosur consid\u00e8rent la Russie comme un partenaire commercial souhaitable, ce qui, selon le pr\u00e9sident polonais, pourrait affaiblir les sanctions de l&rsquo;UE.<\/p>\n<p>Les discussions ont \u00e9galement port\u00e9 sur la politique actuelle de l&rsquo;Union europ\u00e9enne. Karol Nawrocki a expliqu\u00e9 que dans tous les formats de discussions, il a partag\u00e9 avec le pr\u00e9sident Macron \u00ab\u00a0sa position et sa perspective sur les erreurs de l&rsquo;Europe occidentale en mati\u00e8re de politique climatique et migratoire\u00a0\u00bb.<\/p>\n<p>Le pr\u00e9sident polonais a indiqu\u00e9 que les discussions avaient aussi port\u00e9 sur le commerce, les questions \u00e9conomiques, ainsi que sur l&rsquo;accord de Nancy, qu&rsquo;il ratifiera bient\u00f4t.<\/p>\n<p>\u00ab\u00a0L&rsquo;accord de Nancy est le point de d\u00e9part de nos relations \u00e9conomiques, \u00e9nerg\u00e9tiques, financi\u00e8res et de s\u00e9curit\u00e9\u00a0\u00bb, a-t-il assur\u00e9 \u00e0 l&rsquo;issue de la rencontre depuis le palais de l&rsquo;\u00c9lys\u00e9e.<\/p>\n<p>Selon Karol Nawrocki, les deux dirigeants ont \u00e9galement discut\u00e9 de la comm\u00e9moration de la tradition franco-polonaise s\u00e9culaire, dont un exemple sera l&rsquo;\u00e9rection d&rsquo;un monument au Prince J\u00f3zef Poniatowski \u00e0 Paris.<\/p>\n<p>Des int\u00e9r\u00eats diff\u00e9rents, un terrain d&rsquo;entente<\/p>\n<p>Malgr\u00e9 les divergences d&rsquo;int\u00e9r\u00eats, par exemple en ce qui concerne la r\u00e9partition du budget de l&rsquo;UE pour 2028-2034 (la Pologne \u00e9tant le principal b\u00e9n\u00e9ficiaire avec plus de 123 milliards d&rsquo;euros, la France \u00e9tant un contributeur net), les deux pays ont de nombreux points communs dans des domaines cl\u00e9s. Varsovie et Paris sont unis pour prot\u00e9ger l&rsquo;agriculture &#8211; gr\u00e2ce \u00e0 leur insistance, la Commission europ\u00e9enne a introduit un \u00ab\u00a0frein d&rsquo;urgence\u00a0\u00bb dans l&rsquo;accord du Mercosur.<\/p>\n<p>Dans le cadre de la concurrence avec l&rsquo;Ukraine, le trait\u00e9 de Nancy pr\u00e9voit des \u00ab\u00a0clauses miroirs\u00a0\u00bb, imposant des normes identiques aux productions agricoles import\u00e9es et indig\u00e8nes.<\/p>\n<p>Une autre priorit\u00e9 commune est l&rsquo;\u00e9nergie nucl\u00e9aire, \u00e0 l&rsquo;\u00e9gard de laquelle Bruxelles reste sceptique. La Pologne construit deux centrales nucl\u00e9aires : la premi\u00e8re \u00e0 Lubiatowo-Kopalino avec la technologie Westinghouse, la seconde (\u00e0 Be\u0142chat\u00f3w ou Konin) dans une comp\u00e9tition o\u00f9 le fran\u00e7ais EDF est en concurrence avec des Am\u00e9ricains. Le dialogue franco-polonais sur cette question commence cette semaine, co\u00efncidant avec la visite de Karol Nawrocki.<\/p>\n<p>Le trait\u00e9 de Nancy, fondement de la relation Le trait\u00e9 franco-polonais de coop\u00e9ration renforc\u00e9e et d&rsquo;amiti\u00e9, sign\u00e9 le 9 mai 2025 par Donald Tusk et Emmanuel Macron, est au c\u0153ur des discussions. La Di\u00e8te a adopt\u00e9 vendredi un projet de loi de ratification, ouvrant la voie \u00e0 des liens plus \u00e9troits dans les domaines de la s\u00e9curit\u00e9 (avec une clause de d\u00e9fense), de l&rsquo;\u00e9conomie, de l&rsquo;\u00e9nergie et de la culture. Le document pr\u00e9voit des r\u00e9unions annuelles conjointes des gouvernements.<\/p>\n","protected":false},"excerpt":{"rendered":"PUBLICIT\u00c9 Le pr\u00e9sident polonais Karol Nawrocki s&rsquo;est rendu mardi \u00e0 Paris apr\u00e8s une escale \u00e0 Berlin, o\u00f9 il&hellip;\n","protected":false},"author":2,"featured_media":395822,"comment_status":"","ping_status":"","sticky":false,"template":"","format":"standard","meta":{"footnotes":""},"categories":[1591],"tags":[11,554,1073,1887,21596,21426,12,1885,1886,132],"class_list":{"0":"post-395821","1":"post","2":"type-post","3":"status-publish","4":"format-standard","5":"has-post-thumbnail","7":"category-russie","8":"tag-actualites","9":"tag-defense","10":"tag-emmanuel-macron","11":"tag-federation-de-russie","12":"tag-karol-nawrocki","13":"tag-mercosur","14":"tag-news","15":"tag-russia","16":"tag-russian-federation","17":"tag-russie"},"share_on_mastodon":{"url":"https:\/\/pubeurope.com\/@fr\/115215717493199191","error":""},"_links":{"self":[{"href":"https:\/\/www.europesays.com\/fr\/wp-json\/wp\/v2\/posts\/395821","targetHints":{"allow":["GET"]}}],"collection":[{"href":"https:\/\/www.europesays.com\/fr\/wp-json\/wp\/v2\/posts"}],"about":[{"href":"https:\/\/www.europesays.com\/fr\/wp-json\/wp\/v2\/types\/post"}],"author":[{"embeddable":true,"href":"https:\/\/www.europesays.com\/fr\/wp-json\/wp\/v2\/users\/2"}],"replies":[{"embeddable":true,"href":"https:\/\/www.europesays.com\/fr\/wp-json\/wp\/v2\/comments?post=395821"}],"version-history":[{"count":0,"href":"https:\/\/www.europesays.com\/fr\/wp-json\/wp\/v2\/posts\/395821\/revisions"}],"wp:featuredmedia":[{"embeddable":true,"href":"https:\/\/www.europesays.com\/fr\/wp-json\/wp\/v2\/media\/395822"}],"wp:attachment":[{"href":"https:\/\/www.europesays.com\/fr\/wp-json\/wp\/v2\/media?parent=395821"}],"wp:term":[{"taxonomy":"category","embeddable":true,"href":"https:\/\/www.europesays.com\/fr\/wp-json\/wp\/v2\/categories?post=395821"},{"taxonomy":"post_tag","embeddable":true,"href":"https:\/\/www.europesays.com\/fr\/wp-json\/wp\/v2\/tags?post=395821"}],"curies":[{"name":"wp","href":"https:\/\/api.w.org\/{rel}","templated":true}]}}