{"id":395868,"date":"2025-09-16T20:17:16","date_gmt":"2025-09-16T20:17:16","guid":{"rendered":"https:\/\/www.europesays.com\/fr\/395868\/"},"modified":"2025-09-16T20:17:16","modified_gmt":"2025-09-16T20:17:16","slug":"un-premier-membre-du-big-5-menace-de-boycotter-le-concours-si-israel-nest-pas-exclu","status":"publish","type":"post","link":"https:\/\/www.europesays.com\/fr\/395868\/","title":{"rendered":"un premier membre du \u00ab\u00a0Big 5\u00a0\u00bb menace de boycotter le concours si Isra\u00ebl n\u2019est pas exclu"},"content":{"rendered":"<p>        <img decoding=\"async\" loading=\"lazy\" src=\"https:\/\/www.europesays.com\/fr\/wp-content\/uploads\/2025\/09\/fd0ac53_sirius-fs-upload-1-z65umjbshqhj-1747503004584-000-472q8ct.jpg\"  width=\"728\" height=\"409\" alt=\"Eurovision\u00a0: un premier membre du \u00ab\u00a0Big 5\u00a0\u00bb menace de boycotter le concours si Isra\u00ebl n\u2019est pas exclu. (image d\u2019illustration)\"\/>  <\/p>\n<p>FABRICE COFFRINI \/ AFP<\/p>\n<p>Eurovision\u00a0: un premier membre du \u00ab\u00a0Big 5\u00a0\u00bb menace de boycotter le concours si Isra\u00ebl n\u2019est pas exclu. (image d\u2019illustration)<\/p>\n<p class=\"asset asset-text\">EUROVISION &#8211; Ils mettent la pression aux organisateurs. La liste des pays qui <a href=\"https:\/\/www.huffingtonpost.fr\/culture\/article\/apres-l-espagne-un-autre-pays-menace-de-se-retirer-de-l-eurovision-si-israel-participe_254714.html\" target=\"_blank\" rel=\"noopener\">boycotteront l\u2019Eurovision<\/a> en cas de participation d\u2019<a href=\"https:\/\/www.huffingtonpost.fr\/international\/video\/bande-de-gaza-ce-que-l-on-sait-de-l-offensive-principale-menee-par-israel-dans-la-ville-principale_254883.html\" target=\"_blank\" rel=\"noopener\">Isra\u00ebl<\/a> a \u00e9t\u00e9 rejointe par l\u2019Espagne ce mardi 16\u00a0septembre. Tous demandent \u00e0 l\u2019Union Europ\u00e9enne de Radio-T\u00e9l\u00e9vision (UER), propri\u00e9taire et gestionnaire du t\u00e9l\u00e9crochet europ\u00e9en, d\u2019exclure l\u2019\u00c9tat h\u00e9breu de l\u2019\u00e9dition 2026, alors qu\u2019il poursuit son offensive meurtri\u00e8re \u00e0 Gaza.<\/p>\n<p class=\"asset asset-text\">La fronde prend de l\u2019ampleur puisque c\u2019est la premi\u00e8re fois qu\u2019un pays du groupe dit des \u00ab\u00a0Big Five\u00a0\u00bb (Espagne, Royaume-Uni, France, Italie et Allemagne) brandit officiellement la menace du boycott. De quoi effrayer l\u2019UER car ces participants sont les plus grands contributeurs financiers au concours, ce qui leur vaut d\u2019ailleurs une participation automatique \u00e0 la finale.<\/p>\n<p class=\"asset asset-text\">Reste \u00e0 voir si ces menaces suffiront \u00e0 infl\u00e9chir l\u2019arbitrage de l\u2019UER, dont l\u2019assembl\u00e9e g\u00e9n\u00e9rale est pr\u00e9vue en d\u00e9cembre. En attendant, Le HuffPost r\u00e9capitule les diff\u00e9rents diffuseurs qui ont d\u00e9j\u00e0 indiqu\u00e9 qu\u2019en cas de venue d\u2019Isra\u00ebl, ils ne participeraient pas au concours qui se tiendra l\u2019ann\u00e9e prochaine en Autriche.<\/p>\n<p>    \u2022\u00a0Espagne    <\/p>\n<p class=\"asset asset-text\">C\u2019est le premier, et pour le moment le seul, membre des \u00ab\u00a0Big Five\u00a0\u00bb qui serait pr\u00eat \u00e0 \u00ab\u00a0se retirer du concours pour la premi\u00e8re fois de son histoire\u00a0\u00bb. Charg\u00e9e de s\u00e9lectionner le repr\u00e9sentant ib\u00e9rique, la t\u00e9l\u00e9vision publique <a href=\"https:\/\/www.huffingtonpost.fr\/international\/article\/de-la-vuelta-aux-sanctions-pourquoi-l-espagne-est-si-mobilisee-pour-la-cause-palestinienne_254742.html\" target=\"_blank\" rel=\"noopener\">espagnole<\/a> RTVE a fait savoir ce mardi 16\u00a0septembre que \u00ab\u00a0dans le cas o\u00f9 les membres de l\u2019UER d\u00e9cident de maintenir la KAN isra\u00e9lienne [le diffuseur isra\u00e9lien du concours] dans la comp\u00e9tition\u00a0\u00bb, elle \u00ab\u00a0devra concr\u00e9tiser la menace\u00a0\u00bb.<\/p>\n<p class=\"asset asset-text\">Cette prise de position n\u2019est pas tr\u00e8s surprenante, lors de la derni\u00e8re \u00e9dition de l\u2019Eurovision, la RTVE avait d\u00e9j\u00e0 d\u00e9fi\u00e9 l\u2019UER en diffusant un message de soutien aux Palestiniens avant sa retransmission du t\u00e9l\u00e9crochet, et ce alors que les organisateurs l\u2019avaient somm\u00e9e de cesser ses r\u00e9f\u00e9rences \u00e0 l\u2019offensive \u00e0 Gaza. Lundi, le ministre espagnol de la Culture, Ernest Urtasun, avait d\u00e9j\u00e0 jug\u00e9 qu\u2019il fallait \u00ab\u00a0faire en sorte qu\u2019Isra\u00ebl ne participe pas \u00e0 la prochaine \u00e9dition\u00a0\u00bb, faute de quoi l\u2019Espagne ne devrait \u00ab\u00a0pas prendre part\u00a0\u00bb au concours.<\/p>\n<p class=\"asset asset-text\">Apr\u00e8s l\u2019\u00e9dition 2025\u00a0en mai, le Premier ministre Pedro S\u00e1nchez avait aussi jug\u00e9 que l\u2019\u00c9tat h\u00e9breu ne devrait pas \u00eatre pr\u00e9sent l\u2019ann\u00e9e suivante. Le chef du gouvernement espagnol est une des voix les plus critiques de l\u2019UE \u00e0 l\u2019\u00e9gard de Benjamin Netanyahu.<\/p>\n<p>    \u2022\u00a0Slov\u00e9nie    <\/p>\n<p class=\"asset asset-text\">Comme le rappelle <a href=\"https:\/\/www.20minutes.fr\/arts-stars\/culture\/eurovision\/4172524-20250911-irlande-participera-eurovision-2026-si-israel-prend-part\" target=\"_blank\" rel=\"noopener\" title=\"Nouvelle fen\u00eatre\">20\u00a0Minutes<\/a>, la premi\u00e8re menace de boycott est venue de Slov\u00e9nie, dont la cha\u00eene publique RTVSLO a indiqu\u00e9 d\u00e9but septembre son intention de se retirer de l\u2019\u00e9dition 2026\u00a0en cas de participation de l\u2019\u00c9tat h\u00e9breu. D\u2019apr\u00e8s plusieurs sites sp\u00e9cialis\u00e9s sur l\u2019Eurovision, la directrice de la cha\u00eene slov\u00e8ne, Ksenija Horvat, a indiqu\u00e9 avoir contact\u00e9 plusieurs fois l\u2019UER pour tirer les choses au clair, en vain.<\/p>\n<p class=\"asset asset-text\">En mai dernier, la patronne de la RTVSLO avait d\u00e9j\u00e0 interpell\u00e9 les organisateurs, notamment sur la participation d\u2019Isra\u00ebl et sur le fonctionnement du t\u00e9l\u00e9vote, tr\u00e8s d\u00e9cri\u00e9 apr\u00e8s des <a href=\"https:\/\/www.huffingtonpost.fr\/divertissement\/article\/eurovision-apres-la-polemique-sur-les-votes-voici-les-premieres-pistes-de-reforme_250437.html\" target=\"_blank\" rel=\"noopener\" title=\"Nouvelle fen\u00eatre\">pol\u00e9miques lors de l\u2019\u00e9dition 2025<\/a>. D\u2019apr\u00e8s le site belge <a href=\"https:\/\/www.7sur7.be\/musique\/la-slovenie-menace-de-se-retirer-de-l-eurovision~aa3d592e\/?referrer=https%3A%2F%2Fwww.google.com%2F\" target=\"_blank\" rel=\"noopener\" title=\"Nouvelle fen\u00eatre\">7sur7<\/a>, elle avait d\u00e9nonc\u00e9 l\u2019absence de r\u00e9ponse \u00ab\u00a0convaincante ou concr\u00e8te\u00a0\u00bb \u00e0 ses inqui\u00e9tudes.<\/p>\n<p>    \u2022\u00a0Islande    <\/p>\n<p class=\"asset asset-text\">Dans un <a href=\"https:\/\/www.ruv.is\/english\/2025-09-09-iceland-may-not-take-part-in-eurovision-if-israel-does-453021?fbclid=IwY2xjawMtKsJleHRuA2FlbQIxMQABHiEk77uhf6UL81G_haqr1YosMh94MZPtGIt07_aqNza6EDILiqHCzx1SMd2o_aem_a0A2MBkKhM9zK2NFn54xOg\" target=\"_blank\" rel=\"noopener\" title=\"Nouvelle fen\u00eatre\">article paru sur son site<\/a> le 9\u00a0septembre, la t\u00e9l\u00e9vision publique islandaise R\u00daV a indiqu\u00e9 dans la foul\u00e9e du diffuseur slov\u00e8ne qu\u2019il serait \u00ab\u00a0possible\u00a0\u00bb que l\u2019Islande se retire du concours si l\u2019UER autorisait la participation isra\u00e9lienne. \u00ab\u00a0Je pense qu\u2019il est probable que la position de l\u2019UER ne bouge pas\u00a0\u00bb, a d\u00e9plor\u00e9 Stef\u00e1n Eir\u00edksson, le patron de la R\u00daV, qui note malgr\u00e9 tout que \u00ab\u00a0le climat g\u00e9n\u00e9ral est en train de changer consid\u00e9rablement\u00a0\u00bb avec une fronde importante contre la venue d\u2019une d\u00e9l\u00e9gation isra\u00e9lienne pour l\u2019\u00e9dition 2026.<\/p>\n<p class=\"asset asset-text\">\u00ab\u00a0La participation [islandaise] \u00e0 l\u2019Eurovision est subordonn\u00e9e \u00e0 l\u2019issue satisfaisante du processus de consultation\u00a0\u00bb organis\u00e9 par l\u2019UER et qui doit s\u2019achever en novembre ou en d\u00e9cembre, indique la R\u00daV sur son site. N\u00e9anmoins, la s\u00e9lection d\u2019un candidat islandais \u00e0 envoyer en Autriche est maintenue \u00ab\u00a0pour le moment\u00a0\u00bb, est-il pr\u00e9cis\u00e9.<\/p>\n<p>                     \u2022\u00a0Irlande    <\/p>\n<p class=\"asset asset-text\">Et si l\u2019Eurovision se passait sans le pays le plus prim\u00e9 de l\u2019histoire du concours\u00a0? Avec sept victoires, l\u2019Irlande compte le plus grand nombre de laur\u00e9ats, mais le pays du nord de l\u2019Europe pourrait ne pas \u00eatre pr\u00e9sent en Autriche en 2026. La cha\u00eene RT\u00c9 a fait savoir le 11\u00a0septembre dernier qu\u2019elle ne prendra pas part au t\u00e9l\u00e9crochet si Isra\u00ebl est pr\u00e9sent.<\/p>\n<p class=\"asset asset-text\">\u00ab\u00a0La d\u00e9cision finale concernant la participation de l\u2019Irlande sera prise une fois que la d\u00e9cision de l\u2019UER [sur le sujet] sera connue\u00a0\u00bb, a indiqu\u00e9 le diffuseur dans un <a href=\"https:\/\/about.rte.ie\/2025\/09\/11\/rte-statement-2026-eurovision-song-contest\/\" target=\"_blank\" rel=\"noopener\" title=\"Nouvelle fen\u00eatre\">communiqu\u00e9<\/a>, o\u00f9 il juge que la venue d\u2019une d\u00e9l\u00e9gation irlandaise \u00ab\u00a0serait insens\u00e9e \u00e9tant donn\u00e9 les pertes humaines effroyables et continues \u00e0 Gaza\u00a0\u00bb. La cha\u00eene RT\u00c9 se dit aussi \u00ab\u00a0profond\u00e9ment pr\u00e9occup\u00e9e par les assassinats cibl\u00e9s de journalistes \u00e0 Gaza\u00a0\u00bb et par \u00ab\u00a0le sort des otages\u00a0\u00bb.<\/p>\n<p>    \u2022\u00a0Pays-Bas    <\/p>\n<p class=\"asset asset-text\">L\u2019audiovisuel n\u00e9erlandais AVROTROS s\u2019est ajout\u00e9 \u00e0 la grogne avec <a href=\"https:\/\/www.avrotros.nl\/article\/avrotros-trekt-grens-bij-songfestival-2026~1176\/\" target=\"_blank\" rel=\"noopener\" title=\"Nouvelle fen\u00eatre\">un communiqu\u00e9<\/a> le 12\u00a0septembre. Le diffuseur de l\u2019Eurovision aux Pays-Bas indique que la participation du pays est \u00ab\u00a0li\u00e9e\u00a0\u00bb aux \u00ab\u00a0valeurs fondamentales\u00a0\u00bb port\u00e9es par le concours. \u00ab\u00a0AVROTROS ne peut plus d\u00e9fendre la participation d\u2019Isra\u00ebl dans la situation actuelle, compte tenu des souffrances humaines graves et persistantes \u00e0 Gaza\u00a0\u00bb, est-il \u00e9crit.<\/p>\n<p class=\"asset asset-text\">Fustigeant \u00e9galement \u00ab\u00a0la suppression de la libert\u00e9 de la presse\u00a0\u00bb dans l\u2019enclave palestinienne, l\u2019audiovisuel public n\u00e9erlandais reprend aussi les accusations d\u2019ing\u00e9rence visant Isra\u00ebl, suspect\u00e9 par plusieurs pays d\u2019avoir influenc\u00e9 le t\u00e9l\u00e9vote lors de l\u2019\u00e9dition 2025\u00a0de l\u2019Eurovision. \u00ab\u00a0Il existe des preuves av\u00e9r\u00e9es d\u2019ing\u00e9rence du gouvernement isra\u00e9lien lors de la derni\u00e8re \u00e9dition du concours\u00a0\u00bb, d\u00e9nonce le communiqu\u00e9.<\/p>\n","protected":false},"excerpt":{"rendered":"FABRICE COFFRINI \/ AFP Eurovision\u00a0: un premier membre du \u00ab\u00a0Big 5\u00a0\u00bb menace de boycotter le concours si Isra\u00ebl&hellip;\n","protected":false},"author":2,"featured_media":395869,"comment_status":"","ping_status":"","sticky":false,"template":"","format":"standard","meta":{"footnotes":""},"categories":[8],"tags":[3259,251,58,59,2399,1011,27,664,873,252],"class_list":{"0":"post-395868","1":"post","2":"type-post","3":"status-publish","4":"format-standard","5":"has-post-thumbnail","7":"category-divertissement","8":"tag-conflit-israelo-palestinien","9":"tag-culture","10":"tag-divertissement","11":"tag-entertainment","12":"tag-eurovision","13":"tag-fr","14":"tag-france","15":"tag-israel","16":"tag-musique","17":"tag-television"},"share_on_mastodon":{"url":"https:\/\/pubeurope.com\/@fr\/115215823396420792","error":""},"_links":{"self":[{"href":"https:\/\/www.europesays.com\/fr\/wp-json\/wp\/v2\/posts\/395868","targetHints":{"allow":["GET"]}}],"collection":[{"href":"https:\/\/www.europesays.com\/fr\/wp-json\/wp\/v2\/posts"}],"about":[{"href":"https:\/\/www.europesays.com\/fr\/wp-json\/wp\/v2\/types\/post"}],"author":[{"embeddable":true,"href":"https:\/\/www.europesays.com\/fr\/wp-json\/wp\/v2\/users\/2"}],"replies":[{"embeddable":true,"href":"https:\/\/www.europesays.com\/fr\/wp-json\/wp\/v2\/comments?post=395868"}],"version-history":[{"count":0,"href":"https:\/\/www.europesays.com\/fr\/wp-json\/wp\/v2\/posts\/395868\/revisions"}],"wp:featuredmedia":[{"embeddable":true,"href":"https:\/\/www.europesays.com\/fr\/wp-json\/wp\/v2\/media\/395869"}],"wp:attachment":[{"href":"https:\/\/www.europesays.com\/fr\/wp-json\/wp\/v2\/media?parent=395868"}],"wp:term":[{"taxonomy":"category","embeddable":true,"href":"https:\/\/www.europesays.com\/fr\/wp-json\/wp\/v2\/categories?post=395868"},{"taxonomy":"post_tag","embeddable":true,"href":"https:\/\/www.europesays.com\/fr\/wp-json\/wp\/v2\/tags?post=395868"}],"curies":[{"name":"wp","href":"https:\/\/api.w.org\/{rel}","templated":true}]}}