{"id":395882,"date":"2025-09-16T20:24:15","date_gmt":"2025-09-16T20:24:15","guid":{"rendered":"https:\/\/www.europesays.com\/fr\/395882\/"},"modified":"2025-09-16T20:24:15","modified_gmt":"2025-09-16T20:24:15","slug":"le-chanteur-condamne-a-10-000-euros-damende-pour-harcelement","status":"publish","type":"post","link":"https:\/\/www.europesays.com\/fr\/395882\/","title":{"rendered":"le chanteur condamn\u00e9 \u00e0 10.000 euros d&rsquo;amende pour harc\u00e8lement"},"content":{"rendered":"<p class=\"article-p mdl\">Le chanteur Slimane est dans le viseur de la justice depuis plusieurs mois. L&rsquo;artiste a \u00e9t\u00e9 condamn\u00e9, mardi 16 septembre, \u00e0 payer 10.000 euros d&rsquo;amende pour harc\u00e8lement sur un technicien. Selon le parquet de Saint-\u00c9tienne, cette condamnation vise \u00e0 sanctionner des faits de harc\u00e8lement par le biais d&rsquo;un support num\u00e9rique ou \u00e9lectronique. Les faits se sont produits \u00e0 la fin d&rsquo;un concert, en d\u00e9cembre 2023.<\/p>\n<p class=\"article-p mdl\">L&rsquo;enqu\u00eate \u00ab\u00a0n&rsquo;a pas permis de <strong>caract\u00e9riser les autres plaintes d\u00e9pos\u00e9es, lesquelles sont class\u00e9es sans suite\u00a0\u00bb<\/strong>, a annonc\u00e9 Anne Gache, la procureure de Saint-\u00c9tienne, au sujet de cette affaire. Dans le d\u00e9tail,\u00a0<a class=\"link\" href=\"https:\/\/www.rtl.fr\/actu\/justice-faits-divers\/slimane-une-enquete-ouverte-pour-harcelement-sexuel-contre-le-chanteur-7900437638\" title=\"Slimane : une enqu\u00eate ouverte pour &quot;harc\u00e8lement sexuel&quot; contre le chanteur\" rel=\"nofollow noopener\" target=\"_blank\">Slimane\u00a0<\/a>a \u00e9t\u00e9 condamn\u00e9 \u00e0 une amende de 10.000 euros, dont 3.000 avec sursis. L&rsquo;artiste de 35 ans \u00e9tait vis\u00e9 par une enqu\u00eate pour des faits d&rsquo;agression et de harc\u00e8lement sexuel sur deux techniciens, pr\u00e9sents au Z\u00e9nith de Saint-\u00c9tienne, lieu du concert.\u00a0<\/p>\n<p class=\"article-p mdl\">Une enqu\u00eate pr\u00e9liminaire avait \u00e9t\u00e9 ouverte en novembre dernier. Ce jugement en comparution sur reconnaissance pr\u00e9alable de culpabilit\u00e9 (CRPC) intervient apr\u00e8s une nouvelle convocation du\u00a0<a class=\"link\" href=\"https:\/\/www.rtl.fr\/actu\/justice-faits-divers\/vise-par-une-plainte-pour-harcelement-sexuel-slimane-brille-aux-nrj-music-awards-7900435575\" title=\"Vis\u00e9 par une plainte pour harc\u00e8lement sexuel, Slimane brille aux NRJ Music Awards\" rel=\"nofollow noopener\" target=\"_blank\">chanteur,<\/a>\u00a0survenue cet \u00e9t\u00e9, par la police st\u00e9phanoise. Les faits reproch\u00e9s \u00e0 Slimane auraient d&rsquo;ailleurs eu lieu en la pr\u00e9sence de t\u00e9moins, certains auraient film\u00e9 la sc\u00e8ne avec leur t\u00e9l\u00e9phone portable.\u00a0<\/p>\n<p>    La r\u00e9daction vous recommande<\/p>\n<p class=\"s-newsletter__title\">\n                L\u2019actualit\u00e9 par la r\u00e9daction de RTL dans votre bo\u00eete mail.\n            <\/p>\n<p class=\"s-newsletter__subtitle\">\n                Gr\u00e2ce \u00e0 votre compte RTL abonnez-vous \u00e0 la newsletter RTL info pour suivre toute l&rsquo;actualit\u00e9 au quotidien\n            <\/p>\n<p>\n                                    Lire la suite\n                                <\/p>\n","protected":false},"excerpt":{"rendered":"Le chanteur Slimane est dans le viseur de la justice depuis plusieurs mois. L&rsquo;artiste a \u00e9t\u00e9 condamn\u00e9, mardi&hellip;\n","protected":false},"author":2,"featured_media":395883,"comment_status":"","ping_status":"","sticky":false,"template":"","format":"standard","meta":{"footnotes":""},"categories":[9653],"tags":[1111,11,2430,1696,1777,674,107,1011,27,3668,303,12,25,4001,9055],"class_list":{"0":"post-395882","1":"post","2":"type-post","3":"status-publish","4":"format-standard","5":"has-post-thumbnail","7":"category-saint-etienne","8":"tag-actu","9":"tag-actualites","10":"tag-auvergne-rhone-alpes","11":"tag-chanteur","12":"tag-eu","13":"tag-europe","14":"tag-fil-info","15":"tag-fr","16":"tag-france","17":"tag-harcelement","18":"tag-justice","19":"tag-news","20":"tag-republique-francaise","21":"tag-saint-etienne","22":"tag-slimane"},"share_on_mastodon":{"url":"https:\/\/pubeurope.com\/@fr\/115215850808082713","error":""},"_links":{"self":[{"href":"https:\/\/www.europesays.com\/fr\/wp-json\/wp\/v2\/posts\/395882","targetHints":{"allow":["GET"]}}],"collection":[{"href":"https:\/\/www.europesays.com\/fr\/wp-json\/wp\/v2\/posts"}],"about":[{"href":"https:\/\/www.europesays.com\/fr\/wp-json\/wp\/v2\/types\/post"}],"author":[{"embeddable":true,"href":"https:\/\/www.europesays.com\/fr\/wp-json\/wp\/v2\/users\/2"}],"replies":[{"embeddable":true,"href":"https:\/\/www.europesays.com\/fr\/wp-json\/wp\/v2\/comments?post=395882"}],"version-history":[{"count":0,"href":"https:\/\/www.europesays.com\/fr\/wp-json\/wp\/v2\/posts\/395882\/revisions"}],"wp:featuredmedia":[{"embeddable":true,"href":"https:\/\/www.europesays.com\/fr\/wp-json\/wp\/v2\/media\/395883"}],"wp:attachment":[{"href":"https:\/\/www.europesays.com\/fr\/wp-json\/wp\/v2\/media?parent=395882"}],"wp:term":[{"taxonomy":"category","embeddable":true,"href":"https:\/\/www.europesays.com\/fr\/wp-json\/wp\/v2\/categories?post=395882"},{"taxonomy":"post_tag","embeddable":true,"href":"https:\/\/www.europesays.com\/fr\/wp-json\/wp\/v2\/tags?post=395882"}],"curies":[{"name":"wp","href":"https:\/\/api.w.org\/{rel}","templated":true}]}}