{"id":395900,"date":"2025-09-16T20:34:14","date_gmt":"2025-09-16T20:34:14","guid":{"rendered":"https:\/\/www.europesays.com\/fr\/395900\/"},"modified":"2025-09-16T20:34:14","modified_gmt":"2025-09-16T20:34:14","slug":"le-maire-de-grenoble-eric-piolle-a-ete-suspendu-ce-soir-de-son-mandat-de-porte-parole-du-parti-ecologiste-a-titre-conservatoire-dans-le-cadre-de-linstruction-judiciaire-ouverte-contre-lui","status":"publish","type":"post","link":"https:\/\/www.europesays.com\/fr\/395900\/","title":{"rendered":"Le maire de Grenoble \u00c9ric Piolle a \u00e9t\u00e9 suspendu ce soir de son mandat de porte-parole du parti \u00e9cologiste \u00e0 titre conservatoire dans le cadre de l&rsquo;instruction judiciaire ouverte contre lui"},"content":{"rendered":"<p>Le maire de Grenoble \u00c9ric Piolle a \u00e9t\u00e9 suspendu ce soir de son mandat de porte-parole du parti \u00e9cologiste \u00e0 titre conservatoire, dans le cadre de l&rsquo;instruction judiciaire ouverte contre lui \u00e0 Grenoble pour \u00abconcussion\u00bb et \u00abrecel de d\u00e9lit\u00bb, a-t-on appris aupr\u00e8s du parti et de l&rsquo;\u00e9lu, confirmant une information de L&rsquo;Opinion .<\/p>\n<p>L\u2019\u00e9dile \u00aba \u00e9t\u00e9 suspendu \u00e0 titre conservatoire de son mandat de porte-parole, et n&rsquo;est plus membre du bureau politique \u00e0 titre conservatoire\u00bb, a indiqu\u00e9 la direction du parti, expliquant que \u00ables soup\u00e7ons qui p\u00e8sent sur lui et qu&rsquo;il n&rsquo;a pas souhait\u00e9 d\u00e9mentir peuvent avoir des cons\u00e9quences sur le parti et sa r\u00e9putation, notamment \u00e0 l&rsquo;approche des municipales\u00bb.<\/p>\n<p>Selon la d\u00e9cision du conseil disciplinaire, valid\u00e9e par le bureau politique et notifi\u00e9e \u00e0 \u00c9ric Piolle mardi matin, le refus du maire de Grenoble \u00abde d\u00e9mentir &#8211; en interne comme en externe -\u00bb ce qui lui est reproch\u00e9 \u00abest constitutif, \u00e0 lui seul, d&rsquo;une enfreinte \u00e0 nos valeurs de base (transparence, probit\u00e9, coop\u00e9ration, etc.) et \u00e0 nos principes de fonctionnement et est par ailleurs incompatible pour la fonction de porte-parole\u00bb.<\/p>\n<p>Une enqu\u00eate a \u00e9t\u00e9 ouverte d\u00e9but juin 2024 contre le maire \u00e9cologiste \u00e0 la suite d&rsquo;un article du Canard Encha\u00een\u00e9 l&rsquo;accusant d&rsquo;avoir organis\u00e9 un tour de passe-passe budg\u00e9taire pour verser ind\u00fbment 16.800 euros \u00e0 son ancienne premi\u00e8re adjointe, aujourd&rsquo;hui d\u00e9put\u00e9e LFI, Elisa Martin.<\/p>\n<p>\u00c9ric Piolle &#8211; qui a \u00e9t\u00e9 \u00e9lu en avril dernier par les adh\u00e9rents du parti porte-parole des \u00c9cologistes, contre la volont\u00e9 de la secr\u00e9taire nationale Marine Tondelier, qui lui pr\u00e9f\u00e9rait un autre candidat, qui n\u2019a pour l\u2019instant pas \u00e9t\u00e9 auditionn\u00e9 par la justice, ni mis en examen &#8211; accuse un ancien collaborateur de vouloir lui nuire dans cette affaire.<\/p>\n<p>La direction disait s&rsquo;inqui\u00e9ter des r\u00e9percussions de l&rsquo;enqu\u00eate judiciaire sur l&rsquo;image du parti. Apr\u00e8s son \u00e9lection, le bureau politique avait souhait\u00e9 s&rsquo;entretenir avec \u00c9ric Piolle sur cette affaire, mais celui-ci a d\u00e9clin\u00e9, pr\u00e9cise la direction.<\/p>\n","protected":false},"excerpt":{"rendered":"Le maire de Grenoble \u00c9ric Piolle a \u00e9t\u00e9 suspendu ce soir de son mandat de porte-parole du parti&hellip;\n","protected":false},"author":2,"featured_media":395901,"comment_status":"","ping_status":"","sticky":false,"template":"","format":"standard","meta":{"footnotes":""},"categories":[9566],"tags":[1111,11,2430,9607,1777,674,1011,27,2731,12,25,52780],"class_list":{"0":"post-395900","1":"post","2":"type-post","3":"status-publish","4":"format-standard","5":"has-post-thumbnail","7":"category-grenoble","8":"tag-actu","9":"tag-actualites","10":"tag-auvergne-rhone-alpes","11":"tag-eric-piolle","12":"tag-eu","13":"tag-europe","14":"tag-fr","15":"tag-france","16":"tag-grenoble","17":"tag-news","18":"tag-republique-francaise","19":"tag-u00e9cologistes"},"share_on_mastodon":{"url":"https:\/\/pubeurope.com\/@fr\/115215890254521386","error":""},"_links":{"self":[{"href":"https:\/\/www.europesays.com\/fr\/wp-json\/wp\/v2\/posts\/395900","targetHints":{"allow":["GET"]}}],"collection":[{"href":"https:\/\/www.europesays.com\/fr\/wp-json\/wp\/v2\/posts"}],"about":[{"href":"https:\/\/www.europesays.com\/fr\/wp-json\/wp\/v2\/types\/post"}],"author":[{"embeddable":true,"href":"https:\/\/www.europesays.com\/fr\/wp-json\/wp\/v2\/users\/2"}],"replies":[{"embeddable":true,"href":"https:\/\/www.europesays.com\/fr\/wp-json\/wp\/v2\/comments?post=395900"}],"version-history":[{"count":0,"href":"https:\/\/www.europesays.com\/fr\/wp-json\/wp\/v2\/posts\/395900\/revisions"}],"wp:featuredmedia":[{"embeddable":true,"href":"https:\/\/www.europesays.com\/fr\/wp-json\/wp\/v2\/media\/395901"}],"wp:attachment":[{"href":"https:\/\/www.europesays.com\/fr\/wp-json\/wp\/v2\/media?parent=395900"}],"wp:term":[{"taxonomy":"category","embeddable":true,"href":"https:\/\/www.europesays.com\/fr\/wp-json\/wp\/v2\/categories?post=395900"},{"taxonomy":"post_tag","embeddable":true,"href":"https:\/\/www.europesays.com\/fr\/wp-json\/wp\/v2\/tags?post=395900"}],"curies":[{"name":"wp","href":"https:\/\/api.w.org\/{rel}","templated":true}]}}