{"id":395906,"date":"2025-09-16T20:39:18","date_gmt":"2025-09-16T20:39:18","guid":{"rendered":"https:\/\/www.europesays.com\/fr\/395906\/"},"modified":"2025-09-16T20:39:18","modified_gmt":"2025-09-16T20:39:18","slug":"u-j-klarenstraat-la-metamorphose-d-un-bloc-traditionnel-en-tetris-architectural-conference-a-strasbourg-2","status":"publish","type":"post","link":"https:\/\/www.europesays.com\/fr\/395906\/","title":{"rendered":"U.J. Klarenstraat : la metamorphose d un bloc traditionnel en Tetris architectural : Conference a Strasbourg"},"content":{"rendered":"<p>\t\t\t\t\t\t\t\t\t<a href=\"https:\/\/www.lalsace.fr\/pour-sortir\/loisirs\/Rencontre-conference\/Conferences\/Alsace\/Bas-rhin\/Strasbourg\/2025\/10\/11\/javascript:history.back();\" rel=\"nofollow noopener\" class=\"backToSearch\" target=\"_blank\">Retour \u00e0 la recherche<\/a><\/p>\n<p class=\"media-desc\" itemprop=\"description\">&#13;<br \/>\n\t\t\t\t\tArjan Gooijer, conf\u00e9rencier et architecte, impliqu\u00e9 dans le r\u00e9am\u00e9nagement complet d\u2019un quartier Amsterdam datant des ann\u00e9es 1950, d\u00e9taillera la transformation de ce quartier et plus particuli\u00e8rement celle du bloc d&rsquo;habitation \u00ab U.J Klarenstraat \u00bb, images \u00e0 l&rsquo;appui.&#13;<br \/>\n\t\t\t\t\t\t\t\t\t\t\t&#13;<br \/>\n\t\t\t\t\t\t\t\t\t\tContexte historique : 1950 ; les Pays-Bas, confront\u00e9s \u00e0 la crise du logement, construisent des cit\u00e9s locatives. Le quartier Staalmanplein, con\u00e7u par l&rsquo;architecte-urbaniste Cornelis van Eesteren, voit le jour \u00e0 Amsterdam. 2010 ; on proc\u00e8de \u00e0 la r\u00e9habilitation globale de l\u2019ensemble. Une exception, le U.J. Klarenstraat, r\u00e9partis comme un Tetris, selon la m\u00e9thode \u00ab faites-le vous-m\u00eame \u00bb avec un cahier des charges coordonn\u00e9 par un ma\u00eetre d\u2019\u0153uvre. Une m\u00e9tamorphose. Cette conf\u00e9rence en langue anglaise (traductions en fran\u00e7ais le cas \u00e9ch\u00e9ant), organis\u00e9e par l&rsquo;Association Theo van Doesburg en collaboration avec les Mus\u00e9es de Strasbourg. Un moment convivial autour d&rsquo;un verre \u00e0 l&rsquo;issue de la pr\u00e9sentation.&#13;\n\t\t\t\t  <\/p>\n","protected":false},"excerpt":{"rendered":"Retour \u00e0 la recherche &#13; Arjan Gooijer, conf\u00e9rencier et architecte, impliqu\u00e9 dans le r\u00e9am\u00e9nagement complet d\u2019un quartier Amsterdam&hellip;\n","protected":false},"author":2,"featured_media":395138,"comment_status":"","ping_status":"","sticky":false,"template":"","format":"standard","meta":{"footnotes":""},"categories":[2820],"tags":[1111,11,1777,674,1011,27,775,12,25,640],"class_list":{"0":"post-395906","1":"post","2":"type-post","3":"status-publish","4":"format-standard","5":"has-post-thumbnail","7":"category-strasbourg","8":"tag-actu","9":"tag-actualites","10":"tag-eu","11":"tag-europe","12":"tag-fr","13":"tag-france","14":"tag-grand-est","15":"tag-news","16":"tag-republique-francaise","17":"tag-strasbourg"},"share_on_mastodon":{"url":"https:\/\/pubeurope.com\/@fr\/115215910053679669","error":""},"_links":{"self":[{"href":"https:\/\/www.europesays.com\/fr\/wp-json\/wp\/v2\/posts\/395906","targetHints":{"allow":["GET"]}}],"collection":[{"href":"https:\/\/www.europesays.com\/fr\/wp-json\/wp\/v2\/posts"}],"about":[{"href":"https:\/\/www.europesays.com\/fr\/wp-json\/wp\/v2\/types\/post"}],"author":[{"embeddable":true,"href":"https:\/\/www.europesays.com\/fr\/wp-json\/wp\/v2\/users\/2"}],"replies":[{"embeddable":true,"href":"https:\/\/www.europesays.com\/fr\/wp-json\/wp\/v2\/comments?post=395906"}],"version-history":[{"count":0,"href":"https:\/\/www.europesays.com\/fr\/wp-json\/wp\/v2\/posts\/395906\/revisions"}],"wp:featuredmedia":[{"embeddable":true,"href":"https:\/\/www.europesays.com\/fr\/wp-json\/wp\/v2\/media\/395138"}],"wp:attachment":[{"href":"https:\/\/www.europesays.com\/fr\/wp-json\/wp\/v2\/media?parent=395906"}],"wp:term":[{"taxonomy":"category","embeddable":true,"href":"https:\/\/www.europesays.com\/fr\/wp-json\/wp\/v2\/categories?post=395906"},{"taxonomy":"post_tag","embeddable":true,"href":"https:\/\/www.europesays.com\/fr\/wp-json\/wp\/v2\/tags?post=395906"}],"curies":[{"name":"wp","href":"https:\/\/api.w.org\/{rel}","templated":true}]}}