{"id":395911,"date":"2025-09-16T20:43:03","date_gmt":"2025-09-16T20:43:03","guid":{"rendered":"https:\/\/www.europesays.com\/fr\/395911\/"},"modified":"2025-09-16T20:43:03","modified_gmt":"2025-09-16T20:43:03","slug":"qui-sont-les-militants-a-lorigine-de-ce-mouvement","status":"publish","type":"post","link":"https:\/\/www.europesays.com\/fr\/395911\/","title":{"rendered":"qui sont les militants \u00e0 l&rsquo;origine de ce mouvement ?"},"content":{"rendered":"<p class=\"article__intro\">Ce dimanche 14 septembre, devant le Monument aux morts, \u00e0 Nice, un rassemblement a \u00e9t\u00e9 organis\u00e9 par des militants d&rsquo;ultra-droite. Ces derniers on d\u00e9voil\u00e9 une banderole \u00ab\u00a0Viens enlever mon drapeau\u00a0\u00bb et entonn\u00e9 la Marseillaise. Thierry Vincent, journaliste pour le site en ligne Blast et sp\u00e9cialiste de l&rsquo;extr\u00eame-droite, explique le contexte de ce mouvement.<\/p>\n<p>\n      L\u2019actu des r\u00e9gions\n    <\/p>\n<p>\n      Chaque jour, un tour d\u2019horizon des principales infos de toutes les r\u00e9gions.\n    <\/p>\n<p>    France T\u00e9l\u00e9visions utilise votre adresse e-mail afin de vous envoyer la newsletter \u00ab\u00a0L\u2019actu des r\u00e9gions\u00a0\u00bb. Vous pouvez vous d\u00e9sinscrire \u00e0 tout moment via le lien en bas de cette newsletter. <a target=\"_blank\" href=\"https:\/\/www.francetelevisions.fr\/groupe\/confidentialite\/politique-de-confidentialite\/politique-de-confidentialite-de-france-televisions-6503\" rel=\"nofollow noopener\">Notre politique de confidentialit\u00e9<\/a><\/p>\n<p>Une banderole tricolore avec l&rsquo;inscription \u00ab\u00a0Viens enlever mon drapeau\u00a0\u00bb, accompagn\u00e9e du drapeau fran\u00e7ais, face au monument aux morts de Rauba-Cape\u00f9, \u00e0 Nice, dans les Alpes-Maritimes. Pour la tenir, des personnes habill\u00e9es en noir qui entonnent la Marseillaise.<\/p>\n<\/p>\n<p>C&rsquo;est la sc\u00e8ne, diffus\u00e9e sur les r\u00e9seaux sociaux, qui s&rsquo;est d\u00e9roul\u00e9e ce dimanche 14 septembre dernier. Un rassemblement qui a r\u00e9uni environ 80 personnes, selon la pr\u00e9fecture des Alpes-Maritimes, une centaine selon les comptes qui ont partag\u00e9 la vid\u00e9o. Un groupement r\u00e9alis\u00e9 par des militants li\u00e9s \u00e0 l&rsquo;extr\u00eame-droite. Selon la pr\u00e9fecture, des militants du groupuscule Aquila Popularis, ainsi que des ultras de l\u2019OGC Nice, y \u00e9taient pr\u00e9sents. <\/p>\n<p>Une sc\u00e8ne relay\u00e9e notamment par le m\u00e9dia class\u00e9 \u00e0 l&rsquo;extr\u00eame-droite Fronti\u00e8res, ou par le conseiller municipal et r\u00e9gional d&rsquo;opposition Philippe Vardon, du groupe Retrouver Nice.<\/p>\n<p>Un rassemblement qui n&rsquo;\u00e9tait pas d\u00e9clar\u00e9 en pr\u00e9fecture et pendant lequel Il n&rsquo;a \u00e9t\u00e9 constat\u00e9 ni d\u00e9gradation, ni incident. Celui-ci s&rsquo;est \u00e9galement dispers\u00e9 \u00ab\u00a0rapidement\u00a0\u00bb, indique la pr\u00e9fecture.<\/p>\n<p>Mais alors, qui sont les acteurs de cette mobilisation, et quel en \u00e9tait l&rsquo;objectif ? Pour Thierry Vincent, journaliste sp\u00e9cialis\u00e9 dans le suivi de l&rsquo;extr\u00eame-droite, cette derni\u00e8re \u00e9tait une r\u00e9ponse organis\u00e9e \u00ab\u00a0en r\u00e9f\u00e9rence \u00e0 des \u00e9v\u00e9nements qui ont eu lieu lors des mobilisations du 10 septembre\u00a0\u00bb\u00a0dernier. Des participants qui ont manifest\u00e9 avec un drapeau fran\u00e7ais avaient alors \u00e9t\u00e9 pris \u00e0 partie par d&rsquo;autres participants, notamment \u00e0 Montpellier, comme l&rsquo;indique <a>Midi libre<\/a>. C&rsquo;est ce que laisserait supposer le slogan indiqu\u00e9 sur la banderole, dont la formulation r\u00e9sonne comme un \u00ab\u00a0d\u00e9fi\u00a0\u00bb.\u00a0<\/p>\n<p>Pour le journaliste, ce \u00ab\u00a0happening\u00a0\u00bb montre une \u00ab\u00a0certaine capacit\u00e9 \u00e0 mobiliser\u00a0\u00bb des groupes d&rsquo;ultradroite\u00a0locaux. Le groupe Aquila popularis, cr\u00e9\u00e9 en 2022, selon le m\u00e9dia Streetpress.\u00a0<\/p>\n<p>Selon Thierry Vincent, l&rsquo;Aquila popularis s&rsquo;inscrit dans le mouvement \u00ab\u00a0national &#8211; r\u00e9volutionnaire\u00a0\u00bb : \u00ab\u00a0c&rsquo;est un courant avec des id\u00e9es anticapitalistes, anticommunistes, avec des r\u00e9f\u00e9rences n\u00e9ofascistes et nazies. Ils ont une vision ethniciste et raciste de la nation fran\u00e7aise. Il y a un autre courant dans les groupes d&rsquo;extr\u00eame-droite, plus identitaire, avec des r\u00e9f\u00e9rences davantage ultra-catholiques, bourgeoises\u00a0\u00bb. Il indique que le groupe est compos\u00e9 de quelques dizaines de personnes, et que d&rsquo;autres personnes se sont probablement greff\u00e9es \u00e0 cette mobilisation. <\/p>\n<p>Pour le journaliste, cette action pourrait \u00e9ventuellement traduire un souhait de lancer \u00ab\u00a0une action contre ceux qui sont d\u00e9sign\u00e9s comme les ennemis de la France, l&rsquo;anti-France\u00a0\u00bb. Il pr\u00e9cise que ce terme est antis\u00e9mite, utilis\u00e9 notamment dans les ann\u00e9es 1930, par Charles Maurras.<\/p>\n<p>Le rassemblement a \u00e9galement fait r\u00e9agir certains acteurs locaux. \u00ab\u00a0Dimanche dernier, les h\u00e9ritiers de l\u2019extr\u00eame droite fasciste ont os\u00e9 se rassembler devant le monument aux morts de Nice. Nous d\u00e9non\u00e7ons avec force cette r\u00e9cup\u00e9ration indigne : ce lieu appartient \u00e0 la m\u00e9moire de celles et ceux qui ont combattu pour la libert\u00e9, et non \u00e0 ceux qui en foulent l\u2019h\u00e9ritage en pi\u00e9tinant les valeurs de la R\u00e9publique\u00a0\u00bb a notamment r\u00e9agi Julien Picot, secr\u00e9taire d\u00e9partemental du Parti communiste des Alpes-Maritime, dans un communiqu\u00e9.\u00a0<\/p>\n<p>Contact\u00e9, le groupe Aquila Popularis n&rsquo;a pas r\u00e9pondu \u00e0 nos sollicitations dans nos d\u00e9lais de parution.<\/p>\n","protected":false},"excerpt":{"rendered":"Ce dimanche 14 septembre, devant le Monument aux morts, \u00e0 Nice, un rassemblement a \u00e9t\u00e9 organis\u00e9 par des&hellip;\n","protected":false},"author":2,"featured_media":395912,"comment_status":"","ping_status":"","sticky":false,"template":"","format":"standard","meta":{"footnotes":""},"categories":[2819],"tags":[1111,11,1777,674,1011,27,12,2401,882,25],"class_list":{"0":"post-395911","1":"post","2":"type-post","3":"status-publish","4":"format-standard","5":"has-post-thumbnail","7":"category-nice","8":"tag-actu","9":"tag-actualites","10":"tag-eu","11":"tag-europe","12":"tag-fr","13":"tag-france","14":"tag-news","15":"tag-nice","16":"tag-provence-alpes-cote-dazur","17":"tag-republique-francaise"},"share_on_mastodon":{"url":"https:\/\/pubeurope.com\/@fr\/115215925446374378","error":""},"_links":{"self":[{"href":"https:\/\/www.europesays.com\/fr\/wp-json\/wp\/v2\/posts\/395911","targetHints":{"allow":["GET"]}}],"collection":[{"href":"https:\/\/www.europesays.com\/fr\/wp-json\/wp\/v2\/posts"}],"about":[{"href":"https:\/\/www.europesays.com\/fr\/wp-json\/wp\/v2\/types\/post"}],"author":[{"embeddable":true,"href":"https:\/\/www.europesays.com\/fr\/wp-json\/wp\/v2\/users\/2"}],"replies":[{"embeddable":true,"href":"https:\/\/www.europesays.com\/fr\/wp-json\/wp\/v2\/comments?post=395911"}],"version-history":[{"count":0,"href":"https:\/\/www.europesays.com\/fr\/wp-json\/wp\/v2\/posts\/395911\/revisions"}],"wp:featuredmedia":[{"embeddable":true,"href":"https:\/\/www.europesays.com\/fr\/wp-json\/wp\/v2\/media\/395912"}],"wp:attachment":[{"href":"https:\/\/www.europesays.com\/fr\/wp-json\/wp\/v2\/media?parent=395911"}],"wp:term":[{"taxonomy":"category","embeddable":true,"href":"https:\/\/www.europesays.com\/fr\/wp-json\/wp\/v2\/categories?post=395911"},{"taxonomy":"post_tag","embeddable":true,"href":"https:\/\/www.europesays.com\/fr\/wp-json\/wp\/v2\/tags?post=395911"}],"curies":[{"name":"wp","href":"https:\/\/api.w.org\/{rel}","templated":true}]}}