{"id":395917,"date":"2025-09-16T20:46:31","date_gmt":"2025-09-16T20:46:31","guid":{"rendered":"https:\/\/www.europesays.com\/fr\/395917\/"},"modified":"2025-09-16T20:46:31","modified_gmt":"2025-09-16T20:46:31","slug":"le-depute-vert-bordelais-veut-une-loi-pour-ecarter-les-pesticides-des-habitations","status":"publish","type":"post","link":"https:\/\/www.europesays.com\/fr\/395917\/","title":{"rendered":"le d\u00e9put\u00e9 vert bordelais veut une loi pour \u00e9carter les pesticides des habitations"},"content":{"rendered":"<p>Que retenir de l\u2019\u00e9tude PestiRiv, dont les conclusions ont \u00e9t\u00e9 rendues publiques par l\u2019Agence nationale de s\u00e9curit\u00e9 sanitaire de l\u2019alimentation, de l\u2019environnement (Anses) et Sant\u00e9 publique France (SPF) le lundi 15\u00a0septembre\u00a0? Des concentrations de produits phytosanitaires sont plus \u00e9lev\u00e9es de 15\u00a0% \u00e0 45\u00a0% dans les urines des riverains d\u2019exploitations viticoles et douze\u00a0fois plus dans l\u2019air ambiant. Les tr\u00e8s jeunes enfants sont particuli\u00e8rement expos\u00e9s.<\/p>\n<p>Trois mesures phares<\/p>\n<p>Les donn\u00e9es ont \u00e9t\u00e9 interpr\u00e9t\u00e9es de fa\u00e7on diam\u00e9tralement oppos\u00e9es par la fili\u00e8re vin et les associations environnementales, preuve que l\u2019\u00e9tude PestiRiv n\u2019est pas suffisamment compl\u00e8te pour clore le d\u00e9bat. \u00ab\u00a0L\u2019\u00e9tude n\u2019\u00e9tait pas destin\u00e9e \u00e0 \u00e9valuer les cons\u00e9quences sanitaires potentielles de ces expositions\u00a0\u00bb, reconna\u00eet Nicolas Thierry. Le d\u00e9put\u00e9 \u00e9cologiste girondin refuse \u00ab\u00a0de faire dire \u00e0 PestiRiv ce qu\u2019elle ne dit pas\u00a0\u00bb\u00a0: \u00ab\u00a0Elle s\u2019inscrit dans un contexte d\u2019accumulation des connaissances sur les effets des pesticides sur la sant\u00e9. D\u2019autres \u00e9tudes ant\u00e9rieures font le lien entre pesticides et cancers ou troubles neurod\u00e9g\u00e9n\u00e9ratifs.\u00a0\u00bb<\/p>\n<blockquote><p>\u00ab\u00a0Le but est de pr\u00e9venir les riverains 24 ou 48 heures avant les pulv\u00e9risations\u00a0\u00bb<\/p><\/blockquote>\n<p>L\u2019impr\u00e9gnation des habitants de zones viticole est \u00ab\u00a0d\u00e9sormais suffisamment document\u00e9e\u00a0\u00bb, pose le parlementaire bordelais. Pour ce fils et petit-fils de vignerons de l\u2019Entre-deux-Mers (33), l\u2019\u00e9tude PestiRiv \u00ab\u00a0est la brique\u00a0\u00bb qui manquait pour pouvoir lancer un travail l\u00e9gislatif. \u00ab\u00a0Je vais d\u00e9poser une proposition de loi dans les prochaines semaines afin de prot\u00e9ger au mieux les habitants vivant \u00e0 proximit\u00e9 des vignes.\u00a0\u00bb Comme pour la loi contre les polluants \u00e9ternels (PFAS), vot\u00e9e \u00e0 une quasi-unanimit\u00e9 au Parlement en f\u00e9vrier dernier, le d\u00e9put\u00e9 veut ouvrir un d\u00e9bat au-del\u00e0 des murs de l\u2019Assembl\u00e9e nationale pour trouver une majorit\u00e9 le moment voulu. Un travail de longue haleine qui devrait durer plusieurs mois.<\/p>\n<p>        <img decoding=\"async\" id=\"25603429\" src=\"https:\/\/www.europesays.com\/fr\/wp-content\/uploads\/2025\/09\/nicolas-thierry-4-avril-2024-afp-emmanuel-dunand.jpg\" alt=\"Nicolas Thierry veut convaincre les d\u00e9put\u00e9s de tous bords pour trouver une majorit\u00e9.\" itemprop=\"contentURL\"\/><\/p>\n<p>    Nicolas Thierry veut convaincre les d\u00e9put\u00e9s de tous bords pour trouver une majorit\u00e9.<\/p>\n<p>Emmanuel Dunand\u00a0\/\u00a0AFP<\/p>\n<p>Premi\u00e8re pr\u00e9conisation\u00a0: \u00ab\u00a0Les scientifiques, et pourquoi pas le grand public, doivent avoir acc\u00e8s aux registres des \u00e9pandages pour conna\u00eetre la nature et la quantit\u00e9 des produits utilis\u00e9s \u00e0 l\u2019\u00e9chelle de la commune, la bonne \u00e9chelle pour \u00e9viter toute stigmatisation des agriculteurs.\u00a0\u00bb Deuxi\u00e8me proposition\u00a0: rendre obligatoire <a href=\"https:\/\/www.sudouest.fr\/economie\/agriculture\/pesticides-en-charente-maritime-l-appli-pour-prevenir-les-conflits-boudee-en-plaine-d-aunis-24500521.php\" target=\"_blank\" rel=\"follow nofollow noopener\">le dispositif Phyto\u2019alerte<\/a>. \u00ab\u00a0Le but est de pr\u00e9venir les riverains 24 ou 48 heures avant les pulv\u00e9risations. Cet outil existe d\u00e9j\u00e0 mais n\u2019est pas syst\u00e9matiquement utilis\u00e9 par les viticulteurs. Il repose uniquement sur la bonne volont\u00e9. Il y en a, mais il faut syst\u00e9matiser ce syst\u00e8me \u00e0 l\u2019\u00e9chelle nationale et ne pas le cantonner \u00e0 la Nouvelle-Aquitaine.\u00a0\u00bb<\/p>\n<p>\u00ab\u00a0Zones tampon\u00a0\u00bb<\/p>\n<p>Troisi\u00e8me point, certainement le plus important\u00a0: \u00e9largir les zones tampon autour des b\u00e2timents publics et des habitations. \u00ab\u00a0Elles sont de 10 \u00e0 20 m\u00e8tres aujourd\u2019hui. Il faut aller plus loin.\u00a0\u00bb Certaines associations pr\u00e9conisent des distances de 100 \u00e0 200 m\u00e8tres. De quoi mettre en p\u00e9ril certaines exploitations en p\u00e9riph\u00e9rie des villes ou dans les bourgs de village. \u00ab\u00a0Le but n\u2019est pas d\u2019arracher les vignes mais d\u2019obliger les producteurs \u00e0 utiliser des produits certifi\u00e9s en agriculture biologiques dans ces zones tampon\u00a0\u00bb, pr\u00e9cise le d\u00e9put\u00e9 \u00e9cologiste.<\/p>\n","protected":false},"excerpt":{"rendered":"Que retenir de l\u2019\u00e9tude PestiRiv, dont les conclusions ont \u00e9t\u00e9 rendues publiques par l\u2019Agence nationale de s\u00e9curit\u00e9 sanitaire&hellip;\n","protected":false},"author":2,"featured_media":395918,"comment_status":"","ping_status":"","sticky":false,"template":"","format":"standard","meta":{"footnotes":""},"categories":[2817],"tags":[1111,11,1997,1777,674,1011,27,12,2219,25],"class_list":{"0":"post-395917","1":"post","2":"type-post","3":"status-publish","4":"format-standard","5":"has-post-thumbnail","7":"category-bordeaux","8":"tag-actu","9":"tag-actualites","10":"tag-bordeaux","11":"tag-eu","12":"tag-europe","13":"tag-fr","14":"tag-france","15":"tag-news","16":"tag-nouvelle-aquitaine","17":"tag-republique-francaise"},"share_on_mastodon":{"url":"https:\/\/pubeurope.com\/@fr\/115215937656792404","error":""},"_links":{"self":[{"href":"https:\/\/www.europesays.com\/fr\/wp-json\/wp\/v2\/posts\/395917","targetHints":{"allow":["GET"]}}],"collection":[{"href":"https:\/\/www.europesays.com\/fr\/wp-json\/wp\/v2\/posts"}],"about":[{"href":"https:\/\/www.europesays.com\/fr\/wp-json\/wp\/v2\/types\/post"}],"author":[{"embeddable":true,"href":"https:\/\/www.europesays.com\/fr\/wp-json\/wp\/v2\/users\/2"}],"replies":[{"embeddable":true,"href":"https:\/\/www.europesays.com\/fr\/wp-json\/wp\/v2\/comments?post=395917"}],"version-history":[{"count":0,"href":"https:\/\/www.europesays.com\/fr\/wp-json\/wp\/v2\/posts\/395917\/revisions"}],"wp:featuredmedia":[{"embeddable":true,"href":"https:\/\/www.europesays.com\/fr\/wp-json\/wp\/v2\/media\/395918"}],"wp:attachment":[{"href":"https:\/\/www.europesays.com\/fr\/wp-json\/wp\/v2\/media?parent=395917"}],"wp:term":[{"taxonomy":"category","embeddable":true,"href":"https:\/\/www.europesays.com\/fr\/wp-json\/wp\/v2\/categories?post=395917"},{"taxonomy":"post_tag","embeddable":true,"href":"https:\/\/www.europesays.com\/fr\/wp-json\/wp\/v2\/tags?post=395917"}],"curies":[{"name":"wp","href":"https:\/\/api.w.org\/{rel}","templated":true}]}}