{"id":395919,"date":"2025-09-16T20:47:21","date_gmt":"2025-09-16T20:47:21","guid":{"rendered":"https:\/\/www.europesays.com\/fr\/395919\/"},"modified":"2025-09-16T20:47:21","modified_gmt":"2025-09-16T20:47:21","slug":"le-directeur-du-theatre-moliere-pointe-du-doigt-pour-avoir-accueilli-le-rn-lors-de-sa-rentree-politique","status":"publish","type":"post","link":"https:\/\/www.europesays.com\/fr\/395919\/","title":{"rendered":"le directeur du th\u00e9\u00e2tre Moli\u00e8re point\u00e9 du doigt pour avoir accueilli le RN lors de sa rentr\u00e9e politique"},"content":{"rendered":"<p>Somm\u00e9 de se justifier par le directeur de l\u2019Office artistique de la r\u00e9gion Aquitaine apr\u00e8s avoir accueilli 160 \u00e9lus du Rassemblement national dans son \u00e9tablissement, vendredi dernier, Xavier Viton assume son choix au nom de la libert\u00e9 d\u2019expression.<\/p>\n<p class=\"fig-paragraph\">\u00abJe ne suis pas d\u2019accord avec ce que vous dites, mais je me battrai jusqu\u2019\u00e0 la mort pour que vous ayez le droit de le dire\u00bb, \u00e9crivait Evelyn Beatrice Hall pour r\u00e9sumer la pens\u00e9e de Voltaire. \u00abJe fais mienne cette tirade\u00bb, nous indique d\u2019embl\u00e9e Xavier Viton. Au lendemain de l\u2019universit\u00e9 d\u2019\u00e9t\u00e9 du RN, organis\u00e9 \u00e0 Bordeaux du 12 au 14 septembre et qui s\u2019est achev\u00e9 dimanche par\u00a0<a href=\"http:\/\/www.lefigaro.fr\/politique\/sebastien-lecornu-sera-censure-dans-quelques-semaines-ou-quelques-mois-previent-marine-le-pen-20250914\" data-fig-type=\"NewsFlash\" data-gtm-custom-categorie=\"navigation\" data-gtm-custom-action=\"crossclick\" data-gtm-custom-label=\"Contextuel\" data-gtm-event=\"customEventSPE\" data-fig-domain=\"LEFIGARO\" target=\"_blank\" rel=\"noopener\">le meeting de Marine Le Pen et Jordan Bardella<\/a>\u00a0au Parc des expositions, le directeur du Th\u00e9\u00e2tre Moli\u00e8re a \u00e9t\u00e9 pris \u00e0 partie sur Instagram par Jo\u00ebl Bruch, le directeur de l\u2019Office artistique de la r\u00e9gion Aquitaine (OARA). Ce dernier lui reproche d\u2019avoir accueilli des \u00e9lus du Rassemblement national dans son \u00e9tablissement, vendredi. \u00abConstern\u00e9 en d\u00e9couvrant que le Rassemblement national a fait sa rentr\u00e9e \u00e0 Bordeaux dans le Th\u00e9\u00e2tre Moli\u00e8re, ancien si\u00e8ge historique de l\u2019OARA. Quelle d\u00e9ch\u00e9ance pour ce lieu de culture\u00bb, a attaqu\u00e9 Jo\u00ebl Brouch.<\/p>\n<p class=\"fig-paragraph\">\u00abC\u2019est un non-\u00e9v\u00e9nement\u00bb, r\u00e9torque Xavier Viton, \u00abj\u2019ai beau ne pas adh\u00e9rer aux id\u00e9es du RN, \u00eatre d\u00e9mocrate implique de laisser s\u2019exprimer le plus grand nombre, m\u00eame ceux qui n\u2019ont pas nos id\u00e9es. Alors pourquoi refuserais-je de louer mon \u00e9tablissement \u00e0 un parti politique de la R\u00e9publique\u00a0? Ce n\u2019est pas \u00e0 moi d\u2019en interdire l\u2019acc\u00e8s \u00e0 des \u00e9lus, de la m\u00eame mani\u00e8re que je ne refuse aucun spectateur.\u00bb Le quinquag\u00e9naire, qui est \u00e9galement artiste, fustige la r\u00e9action de son confr\u00e8re\u00a0: \u00abCeux dont j\u2019ai entendu des reproches et des jugements vivent du service public. Savent-ils que ce sont aussi les imp\u00f4ts que je vais payer sur la somme d\u00e9bours\u00e9e par Madame Le Pen pour cette location qui paie leurs salaires\u00a0?\u00bb<\/p>\n<p>                                    <a class=\"fig-a11y-skip a11y-hidden\" href=\"#fig-a11y-skip-main-inarticle\"><br \/>\n        Passer la publicit\u00e9<br \/>\n    <\/a><\/p>\n<p>Les lieux r\u00e9serv\u00e9s par le Mama Shelter<\/p>\n<p class=\"fig-paragraph\">Le directeur du Th\u00e9\u00e2tre Moli\u00e8re \u00e0 Bordeaux est d\u2019autant plus agac\u00e9 de cette pol\u00e9mique qu\u2019il n\u2019\u00e9tait pas au courant de la tenue de l\u2019\u00e9v\u00e9nement politique au sein de son \u00e9tablissement. Les lieux ont en effet \u00e9t\u00e9 lou\u00e9s par le Mama Shelter, le bar bordelais situ\u00e9 en face avec lequel il poss\u00e8de un partenariat. \u00abJ\u2019assume\u00a0: je n\u2019aurais pas refus\u00e9 si je l\u2019avais su avant. Mais je trouve d\u2019une incorrection crasse mon ignorance car elle m\u2019a emp\u00each\u00e9 de pr\u00e9venir mes salari\u00e9s qu\u2019ils allaient \u00eatre fouill\u00e9s par s\u00e9curit\u00e9 et film\u00e9s\u00bb, explique Xavier Viton.<\/p>\n<p class=\"fig-paragraph\">Le bar voisin, en revanche, se d\u00e9fausse. \u00abL\u2019\u00e9quipe de Mama Shelter Bordeaux n\u2019a aucune proximit\u00e9, ni directe ni indirecte, avec le Rassemblement national. Elle n\u2019\u00e9tait pas inform\u00e9e de la pr\u00e9sence des dirigeants du parti et l\u2019\u00e9v\u00e9nement n\u2019a pas \u00e9t\u00e9 identifi\u00e9 comme une r\u00e9union politique au moment de la r\u00e9servation\u00bb, nous indique la direction. Une version contredite par le RN, qui confirme avoir lou\u00e9 le th\u00e9\u00e2tre aupr\u00e8s du Mama Shelter, assurant ne pas avoir cherch\u00e9 \u00e0 dissimuler son identit\u00e9 aupr\u00e8s du bar. \u00abC\u2019est visiblement un souci de communication entre le Mama Shelter et le Th\u00e9\u00e2tre Moli\u00e8re. Nous n\u2019avions pas la volont\u00e9 de rester discrets. \u00c0 partir du moment o\u00f9 nous r\u00e9unissons plus de 160 \u00e9lus de la R\u00e9publique, nous n\u2019avons aucune raison de nous cacher\u00bb, d\u00e9ment pour conclure Jimmy Bourlieux, le d\u00e9l\u00e9gu\u00e9 d\u00e9partemental du parti.<\/p>\n","protected":false},"excerpt":{"rendered":"Somm\u00e9 de se justifier par le directeur de l\u2019Office artistique de la r\u00e9gion Aquitaine apr\u00e8s avoir accueilli 160&hellip;\n","protected":false},"author":2,"featured_media":395920,"comment_status":"","ping_status":"","sticky":false,"template":"","format":"standard","meta":{"footnotes":""},"categories":[2817],"tags":[1111,11,1997,1777,674,1011,27,12,2219,316,1078,25,1347],"class_list":{"0":"post-395919","1":"post","2":"type-post","3":"status-publish","4":"format-standard","5":"has-post-thumbnail","7":"category-bordeaux","8":"tag-actu","9":"tag-actualites","10":"tag-bordeaux","11":"tag-eu","12":"tag-europe","13":"tag-fr","14":"tag-france","15":"tag-news","16":"tag-nouvelle-aquitaine","17":"tag-politique","18":"tag-rassemblement-national","19":"tag-republique-francaise","20":"tag-theatre"},"share_on_mastodon":{"url":"https:\/\/pubeurope.com\/@fr\/115215941301671147","error":""},"_links":{"self":[{"href":"https:\/\/www.europesays.com\/fr\/wp-json\/wp\/v2\/posts\/395919","targetHints":{"allow":["GET"]}}],"collection":[{"href":"https:\/\/www.europesays.com\/fr\/wp-json\/wp\/v2\/posts"}],"about":[{"href":"https:\/\/www.europesays.com\/fr\/wp-json\/wp\/v2\/types\/post"}],"author":[{"embeddable":true,"href":"https:\/\/www.europesays.com\/fr\/wp-json\/wp\/v2\/users\/2"}],"replies":[{"embeddable":true,"href":"https:\/\/www.europesays.com\/fr\/wp-json\/wp\/v2\/comments?post=395919"}],"version-history":[{"count":0,"href":"https:\/\/www.europesays.com\/fr\/wp-json\/wp\/v2\/posts\/395919\/revisions"}],"wp:featuredmedia":[{"embeddable":true,"href":"https:\/\/www.europesays.com\/fr\/wp-json\/wp\/v2\/media\/395920"}],"wp:attachment":[{"href":"https:\/\/www.europesays.com\/fr\/wp-json\/wp\/v2\/media?parent=395919"}],"wp:term":[{"taxonomy":"category","embeddable":true,"href":"https:\/\/www.europesays.com\/fr\/wp-json\/wp\/v2\/categories?post=395919"},{"taxonomy":"post_tag","embeddable":true,"href":"https:\/\/www.europesays.com\/fr\/wp-json\/wp\/v2\/tags?post=395919"}],"curies":[{"name":"wp","href":"https:\/\/api.w.org\/{rel}","templated":true}]}}