{"id":395955,"date":"2025-09-16T21:07:34","date_gmt":"2025-09-16T21:07:34","guid":{"rendered":"https:\/\/www.europesays.com\/fr\/395955\/"},"modified":"2025-09-16T21:07:34","modified_gmt":"2025-09-16T21:07:34","slug":"les-projets-israeliens-dannexion-violent-le-droit-international","status":"publish","type":"post","link":"https:\/\/www.europesays.com\/fr\/395955\/","title":{"rendered":"les projets isra\u00e9liens d\u2019annexion \u00ab violent le droit international \u00bb"},"content":{"rendered":"<p>AA \/ Berlin \/ Ayhan Simsek<\/p>\n<p>L\u2019Allemagne a condamn\u00e9 mardi l\u2019offensive militaire isra\u00e9lienne visant \u00e0 occuper la ville de Gaza et a averti que tout projet d\u2019annexion de territoires palestiniens constituerait une violation du droit international.<\/p>\n<p>Lors d\u2019une conf\u00e9rence de presse \u00e0 Berlin, le ministre des Affaires \u00e9trang\u00e8res Johann Wadephul a exprim\u00e9 la \u00ab vive pr\u00e9occupation \u00bb de son pays face aux derniers d\u00e9veloppements. Il a fermement rejet\u00e9 la d\u00e9cision du gouvernement isra\u00e9lien de lancer une offensive terrestre majeure contre la ville de Gaza.<\/p>\n<p>\u00ab La reprise de l\u2019offensive vers la ville de Gaza est la mauvaise voie \u00e0 suivre. Nous la rejetons et l\u2019avons clairement fait savoir au gouvernement isra\u00e9lien \u00bb, a-t-il d\u00e9clar\u00e9, renouvelant son appel \u00e0 Isra\u00ebl et aux acteurs r\u00e9gionaux pour engager des n\u00e9gociations de cessez-le-feu et parvenir \u00e0 un accord sur la lib\u00e9ration des otages.<\/p>\n<p>Le chef de la diplomatie allemande a indiqu\u00e9 que Berlin continuerait de r\u00e9\u00e9valuer la situation \u00e0 la lumi\u00e8re des d\u00e9veloppements dans la bande de Gaza et des projets \u00e9ventuels d\u2019annexion par Isra\u00ebl en Cisjordanie.<\/p>\n<p>\u00ab Notre position est tr\u00e8s claire dans les deux cas. Les annexions sont contraires au droit international et n\u00e9cessiteraient une r\u00e9ponse politique de notre part \u00bb, a-t-il insist\u00e9.<\/p>\n<p>Interrog\u00e9 sur le rapport publi\u00e9 mardi par la commission internationale ind\u00e9pendante de l\u2019ONU, Wadephul a r\u00e9pondu avec prudence. Ce rapport conclut que les autorit\u00e9s isra\u00e9liennes ont commis un g\u00e9nocide \u00e0 Gaza.<\/p>\n<p>Le ministre a pr\u00e9cis\u00e9 que l\u2019Allemagne attendait la d\u00e9cision de la Cour internationale de Justice.<\/p>\n<p>\u00ab Les questions soulev\u00e9es par ce rapport font actuellement l\u2019objet de proc\u00e9dures devant les juridictions internationales. C\u2019est \u00e0 la Cour de se prononcer sur ces accusations \u00bb, a-t-il d\u00e9clar\u00e9, tout en qualifiant les incidents d\u00e9crits de \u00ab profond\u00e9ment pr\u00e9occupants \u00bb.<\/p>\n<p>\u00ab Dans les conflits arm\u00e9s, toutes les parties sont tenues de respecter le droit international humanitaire. Pour mettre fin aux souffrances \u00e0 Gaza, il est crucial \u2013 et nous l\u2019avons soulign\u00e9 \u00e0 plusieurs reprises \u2013 qu\u2019un cessez-le-feu soit enfin conclu, que la population re\u00e7oive une aide humanitaire ad\u00e9quate et que les otages soient lib\u00e9r\u00e9s \u00bb, a-t-il conclu.<\/p>\n<p>* Traduit de l&rsquo;anglais par Seyma Erkul Dayanc<\/p>\n<p>                            &#13;<br \/>\n                                <a href=\"https:\/\/www.aa.com.tr\/fr\/p\/abonnement\/1001\" target=\"_blank\" style=\"font-size:12px; color:#444; text-decoration:none;\" rel=\"nofollow noopener\">&#13;<br \/>\n                                    Seulement une partie des d\u00e9p\u00eaches, que l&rsquo;Agence Anadolu diffuse \u00e0 ses abonn\u00e9s via le Syst\u00e8me de Diffusion interne (HAS), est diffus\u00e9e sur le site de l&rsquo;AA, de mani\u00e8re r\u00e9sum\u00e9e. <b style=\"color:#1897F7\">Contactez-nous s&rsquo;il vous pla\u00eet pour vous abonner.<\/b>&#13;<br \/>\n                                <\/a>&#13;<\/p>\n","protected":false},"excerpt":{"rendered":"AA \/ Berlin \/ Ayhan Simsek L\u2019Allemagne a condamn\u00e9 mardi l\u2019offensive militaire isra\u00e9lienne visant \u00e0 occuper la ville&hellip;\n","protected":false},"author":2,"featured_media":395956,"comment_status":"","ping_status":"","sticky":false,"template":"","format":"standard","meta":{"footnotes":""},"categories":[1587],"tags":[11,672,1785,1804,1805,1803,21105,1777,674,665,1801,3819,12,1802],"class_list":{"0":"post-395955","1":"post","2":"type-post","3":"status-publish","4":"format-standard","5":"has-post-thumbnail","7":"category-allemagne","8":"tag-actualites","9":"tag-allemagne","10":"tag-anadolu-ajansi","11":"tag-bundesrepublik-deutschland","12":"tag-de","13":"tag-deutschland","14":"tag-droit-international","15":"tag-eu","16":"tag-europe","17":"tag-gaza","18":"tag-germany","19":"tag-isral","20":"tag-news","21":"tag-republique-federale-dallemagne"},"share_on_mastodon":{"url":"https:\/\/pubeurope.com\/@fr\/115216020030352909","error":""},"_links":{"self":[{"href":"https:\/\/www.europesays.com\/fr\/wp-json\/wp\/v2\/posts\/395955","targetHints":{"allow":["GET"]}}],"collection":[{"href":"https:\/\/www.europesays.com\/fr\/wp-json\/wp\/v2\/posts"}],"about":[{"href":"https:\/\/www.europesays.com\/fr\/wp-json\/wp\/v2\/types\/post"}],"author":[{"embeddable":true,"href":"https:\/\/www.europesays.com\/fr\/wp-json\/wp\/v2\/users\/2"}],"replies":[{"embeddable":true,"href":"https:\/\/www.europesays.com\/fr\/wp-json\/wp\/v2\/comments?post=395955"}],"version-history":[{"count":0,"href":"https:\/\/www.europesays.com\/fr\/wp-json\/wp\/v2\/posts\/395955\/revisions"}],"wp:featuredmedia":[{"embeddable":true,"href":"https:\/\/www.europesays.com\/fr\/wp-json\/wp\/v2\/media\/395956"}],"wp:attachment":[{"href":"https:\/\/www.europesays.com\/fr\/wp-json\/wp\/v2\/media?parent=395955"}],"wp:term":[{"taxonomy":"category","embeddable":true,"href":"https:\/\/www.europesays.com\/fr\/wp-json\/wp\/v2\/categories?post=395955"},{"taxonomy":"post_tag","embeddable":true,"href":"https:\/\/www.europesays.com\/fr\/wp-json\/wp\/v2\/tags?post=395955"}],"curies":[{"name":"wp","href":"https:\/\/api.w.org\/{rel}","templated":true}]}}