{"id":395962,"date":"2025-09-16T21:11:25","date_gmt":"2025-09-16T21:11:25","guid":{"rendered":"https:\/\/www.europesays.com\/fr\/395962\/"},"modified":"2025-09-16T21:11:25","modified_gmt":"2025-09-16T21:11:25","slug":"il-est-temps-de-prendre-du-recul-apres-le-deces-de-matteo-franzoso-lemoi-et-la-colere-du-monde-du-ski","status":"publish","type":"post","link":"https:\/\/www.europesays.com\/fr\/395962\/","title":{"rendered":"\u00ab\u00a0Il est temps de prendre du recul\u00a0\u00bb\u00a0: apr\u00e8s le d\u00e9c\u00e8s de Matteo Franzoso, l\u2019\u00e9moi et la col\u00e8re du monde du ski"},"content":{"rendered":"<p class=\"paragraph text_align_left lp-f-body-02\">Le <a href=\"https:\/\/www.leparisien.fr\/sports\/ski\/\" target=\"_blank\" rel=\"noreferrer nofollow noopener\">ski<\/a> est endeuill\u00e9. Une nouvelle fois. Comme l\u2019an dernier avec Matilde Lorenzi, en mars avec Marco Degli Uomini ou en avril avec <a href=\"https:\/\/www.leparisien.fr\/sports\/ski\/ski-margot-simond-championne-de-france-junior-meurt-a-18-ans-lors-dun-entrainement-a-val-disere-24-04-2025-D7ELMWHVUZC4PJCQLYADPBU6PQ.php\" target=\"_blank\" rel=\"noreferrer nofollow noopener\">Margot Simond<\/a>, un grand talent du ski mondial a perdu la vie apr\u00e8s une chute. Tomb\u00e9 \u00e0 l\u2019entra\u00eenement au Chili samedi, <a href=\"https:\/\/www.leparisien.fr\/sports\/ski\/un-skieur-italien-meurt-apres-une-chute-lors-dun-entrainement-au-chili-16-09-2025-URK4NVQ4NJFTBDIAJDKRLJLRHQ.php\" target=\"_blank\" rel=\"noreferrer nofollow noopener\">l\u2019Italien Matteo Franzoso, 25 ans, est mort ce lundi<\/a>, victime d\u2019un \u0153d\u00e8me c\u00e9r\u00e9bral. Un nouveau drame dans un sport qui les empile.<\/p>\n<p class=\"paragraph text_align_left lp-f-body-02\">\u00ab Il est temps de prendre du recul, a d\u2019ailleurs estim\u00e9 Lucrezia Lorenzi, la s\u0153ur de Matilde. Les mots destin et malchance n\u2019ont pas leur place dans le vocabulaire d\u2019un sportif. On ne peut pas partir skier et ne jamais revenir. \u00bb Un discours partag\u00e9 par Flavio Roda, le pr\u00e9sident de la F\u00e9d\u00e9ration italienne de ski. \u00ab C\u2019est une trag\u00e9die pour la famille et pour notre sport. Il est absolument n\u00e9cessaire de tout mettre en \u0153uvre pour que de tels incidents ne se reproduisent plus \u00bb, a-t-il d\u00e9clar\u00e9.<\/p>\n<p class=\"paragraph text_align_left lp-f-body-02\">Des stars de la discipline tels que Lindsey Vonn et <a href=\"https:\/\/www.leparisien.fr\/sports\/ski\/un-enorme-manque-de-moyens-de-lequipe-de-france-jo-2030-fin-de-carriere-les-verites-dalexis-pinturault-07-03-2025-FHIXWIS4GVG6XD6XY6VZFJ7XOY.php\" target=\"_blank\" rel=\"noreferrer nofollow noopener\">Alexis Pinturault <\/a>n\u2019ont pas h\u00e9sit\u00e9 \u00e0 faire entendre leur voix. \u00ab Les mots me manquent, la col\u00e8re domine. Il faut que les choses changent, a estim\u00e9 le Fran\u00e7ais. Ce drame ravive des blessures profondes. \u00bb \u00ab C\u2019est bouleversant. Il y a trois semaines, je skiais sur cette m\u00eame piste \u00bb, a \u00e9crit de son c\u00f4t\u00e9 l\u2019Am\u00e9ricaine.<\/p>\n<p class=\"paragraph text_align_left lp-f-body-02\">Touch\u00e9e par un tel drame en 2017 lorsque son fils David avait perdu la vie \u00e0 l\u2019entra\u00eenement, Jeannette Poisson a \u00e9galement exprim\u00e9 son d\u00e9sarroi. \u00ab Mes pens\u00e9es se sont vite envol\u00e9es vers ses parents, sa famille, ses compagnons de ski et la col\u00e8re m\u2019a effleur\u00e9, a-t-elle \u00e9crit sur les r\u00e9seaux sociaux. Ce sentiment d\u2019avoir quelque chose \u00e0 faire s\u2019est impos\u00e9 une nouvelle fois. \u00bb<\/p>\n<p>\u00ab Plus de d\u00e9c\u00e8s que dans le sport automobile \u00bb<\/p>\n<p class=\"paragraph text_align_left lp-f-body-02\">Mais que faire pour emp\u00eacher d\u2019autres tragiques accidents comme celui-l\u00e0 ? \u00ab Il faut augmenter les zones de d\u00e9gagement et am\u00e9liorer les filets de s\u00e9curit\u00e9, a propos\u00e9 l\u2019ancien skieur Kristian Ghedina <a href=\"https:\/\/www.lapresse.it\/sport\/sport-invernali\/2025\/09\/16\/matteo-franzoso-non-ce-lha-fatta-morto-dopo-due-giorni-di-coma-il-discesista-azzurro\/\" target=\"_blank\" rel=\"noreferrer nofollow noopener\">\u00e0 LaPresse<\/a>. On pourrait trouver un moyen de rendre les pistes toujours plus s\u00fbres, mais y parvenir \u00e0 100 % est pratiquement impossible. \u00bb<\/p>\n<p class=\"paragraph text_align_left lp-f-body-02\">Des mesures ont d\u00e9j\u00e0 \u00e9t\u00e9 prises, avec notamment des airbags obligatoires pour les sp\u00e9cialistes de vitesse. \u00ab La vitesse et les performances des skis augmentent, nous devons donc parall\u00e8lement perfectionner les syst\u00e8mes de s\u00e9curit\u00e9 \u00bb, reconnaissait pourtant encore Markus Waldner, directeur des courses de la FIS, fin avril.<\/p>\n<p class=\"paragraph text_align_left lp-f-body-02\">Le probl\u00e8me semble toutefois profond. Car en r\u00e9ussissant \u00e0 passer au-dessus deux rang\u00e9es de filets pour heurter une barri\u00e8re situ\u00e9e \u00e0 7 m\u00e8tres du parcours, Matteo Franzoso n\u2019a pas pu b\u00e9n\u00e9ficier d\u2019une s\u00e9curit\u00e9 optimale. \u00ab <a href=\"https:\/\/www.leparisien.fr\/sports\/formule-1\/\" target=\"_blank\" rel=\"noreferrer nofollow noopener\">En Formule 1<\/a> et en MotoGP, on a manifestement tir\u00e9 les bonnes conclusions des accidents mortels, mais en ski, il semble que l\u2019on n\u2019en tire aucune le\u00e7on, a d\u00e9nonc\u00e9 Alan Perathoner, le p\u00e8re d\u2019un co\u00e9quipier de l\u2019Italien. Nous avons nettement plus de d\u00e9c\u00e8s que dans le sport automobile. \u00bb<\/p>\n","protected":false},"excerpt":{"rendered":"Le ski est endeuill\u00e9. Une nouvelle fois. Comme l\u2019an dernier avec Matilde Lorenzi, en mars avec Marco Degli&hellip;\n","protected":false},"author":2,"featured_media":395963,"comment_status":"","ping_status":"","sticky":false,"template":"","format":"standard","meta":{"footnotes":""},"categories":[2],"tags":[11,118,1011,27,12,25,4129,60],"class_list":{"0":"post-395962","1":"post","2":"type-post","3":"status-publish","4":"format-standard","5":"has-post-thumbnail","7":"category-actualites","8":"tag-actualites","9":"tag-faits-divers","10":"tag-fr","11":"tag-france","12":"tag-news","13":"tag-republique-francaise","14":"tag-ski","15":"tag-sports"},"share_on_mastodon":{"url":"https:\/\/pubeurope.com\/@fr\/115216035745955860","error":""},"_links":{"self":[{"href":"https:\/\/www.europesays.com\/fr\/wp-json\/wp\/v2\/posts\/395962","targetHints":{"allow":["GET"]}}],"collection":[{"href":"https:\/\/www.europesays.com\/fr\/wp-json\/wp\/v2\/posts"}],"about":[{"href":"https:\/\/www.europesays.com\/fr\/wp-json\/wp\/v2\/types\/post"}],"author":[{"embeddable":true,"href":"https:\/\/www.europesays.com\/fr\/wp-json\/wp\/v2\/users\/2"}],"replies":[{"embeddable":true,"href":"https:\/\/www.europesays.com\/fr\/wp-json\/wp\/v2\/comments?post=395962"}],"version-history":[{"count":0,"href":"https:\/\/www.europesays.com\/fr\/wp-json\/wp\/v2\/posts\/395962\/revisions"}],"wp:featuredmedia":[{"embeddable":true,"href":"https:\/\/www.europesays.com\/fr\/wp-json\/wp\/v2\/media\/395963"}],"wp:attachment":[{"href":"https:\/\/www.europesays.com\/fr\/wp-json\/wp\/v2\/media?parent=395962"}],"wp:term":[{"taxonomy":"category","embeddable":true,"href":"https:\/\/www.europesays.com\/fr\/wp-json\/wp\/v2\/categories?post=395962"},{"taxonomy":"post_tag","embeddable":true,"href":"https:\/\/www.europesays.com\/fr\/wp-json\/wp\/v2\/tags?post=395962"}],"curies":[{"name":"wp","href":"https:\/\/api.w.org\/{rel}","templated":true}]}}