{"id":395966,"date":"2025-09-16T21:14:22","date_gmt":"2025-09-16T21:14:22","guid":{"rendered":"https:\/\/www.europesays.com\/fr\/395966\/"},"modified":"2025-09-16T21:14:22","modified_gmt":"2025-09-16T21:14:22","slug":"lalterna-stade-poitevin-commence-la-saison-par-une-victoire-a-saint-nazaire","status":"publish","type":"post","link":"https:\/\/www.europesays.com\/fr\/395966\/","title":{"rendered":"l\u2019Alterna Stade Poitevin commence la saison par une victoire \u00e0 Saint-Nazaire"},"content":{"rendered":"<p>La saison est lanc\u00e9e\u00a0! Mardi 16\u00a0septembre 2025, l\u2019Alterna Stade Poitevin a disput\u00e9 son premier match amical, dans le huis clos de Saint-Nazaire. Un premier round de chauffe gagnant, quatre sets \u00e0 z\u00e9ro (25-19, 25-20, 25-17, 25-19). \u00ab\u00a0C\u2019\u00e9tait tr\u00e8s bien, se r\u00e9jouit K\u00e9vin Cerda, en bin\u00f4me avec Rogerio Brizola lors du d\u00e9placement en Loire-Atlantique. On a \u00e9t\u00e9 fort, plut\u00f4t s\u00e9rieux tout au long du match. On a fait tr\u00e8s peu de fautes au service. On a fait tourner, tout le monde a jou\u00e9, m\u00eame les jeunes, Nathan Pierrot et Ewen Renevot. C\u2019\u00e9tait propre, le niveau n\u2019a pas baiss\u00e9.\u00a0\u00bb<\/p>\n<p>\u00ab Il est assez calme dans le jeu, appliqu\u00e9, propre \u00bb<\/p>\n<p>Le SPVB a pu compter sur son nouveau passeur, <a target=\"_blank\" href=\"https:\/\/www.lanouvellerepublique.fr\/vienne\/grand-poitiers\/il-a-du-caractere-du-leadership-l-alterna-stade-poitevin-a-choisi-gjorgi-gjorgiev-pour-pallier-l-absence-de-chaboissant-1757953982\" rel=\"noopener\">l\u2019international nord-mac\u00e9donien Gjorgi Gjorgiev<\/a> (33\u00a0ans, 1,96\u00a0m), qui avait d\u00e9couvert lundi ses nouveaux partenaires, lors de son unique entra\u00eenement collectif. \u00ab\u00a0On l\u2019a fait jouer un set et demi, reprend K\u00e9vin Cerda. On voit que c\u2019est un joueur d\u2019exp\u00e9rience, il est assez calme dans le jeu, appliqu\u00e9, propre. Il ne tente pas de faire de miracles.\u00a0\u00bb<\/p>\n<p>D\u00e9sormais, place \u00e0 trois entra\u00eenements, mercredi et jeudi. Avant de disputer une deuxi\u00e8me rencontre de pr\u00e9paration, \u00e0 Paris, vendredi 19\u00a0septembre. C\u00e9dric Enard sera de retour \u00e0 la t\u00eate de sa formation, apr\u00e8s sa soutenance de m\u00e9moire pass\u00e9e mardi. \u00ab\u00a0On va d\u00e9briefer avec lui, et envoyer les infos \u00e0 Dan.\u00a0On a encore des choses \u00e0 r\u00e9gler.\u00a0\u00bb<\/p>\n","protected":false},"excerpt":{"rendered":"La saison est lanc\u00e9e\u00a0! Mardi 16\u00a0septembre 2025, l\u2019Alterna Stade Poitevin a disput\u00e9 son premier match amical, dans le&hellip;\n","protected":false},"author":2,"featured_media":395967,"comment_status":"","ping_status":"","sticky":false,"template":"","format":"standard","meta":{"footnotes":""},"categories":[1417],"tags":[1392,1654,1011,27,42182,9915,1653,60,1584,1470,1469],"class_list":{"0":"post-395966","1":"post","2":"type-post","3":"status-publish","4":"format-standard","5":"has-post-thumbnail","7":"category-volley","8":"tag-a-la-une-local","9":"tag-alterna-stade-poitevin-volley-ball","10":"tag-fr","11":"tag-france","12":"tag-grand-poitiers","13":"tag-nationaux-volley","14":"tag-poitiers","15":"tag-sports","16":"tag-vienne","17":"tag-volley","18":"tag-volleyball"},"share_on_mastodon":{"url":"https:\/\/pubeurope.com\/@fr\/115216047384731585","error":""},"_links":{"self":[{"href":"https:\/\/www.europesays.com\/fr\/wp-json\/wp\/v2\/posts\/395966","targetHints":{"allow":["GET"]}}],"collection":[{"href":"https:\/\/www.europesays.com\/fr\/wp-json\/wp\/v2\/posts"}],"about":[{"href":"https:\/\/www.europesays.com\/fr\/wp-json\/wp\/v2\/types\/post"}],"author":[{"embeddable":true,"href":"https:\/\/www.europesays.com\/fr\/wp-json\/wp\/v2\/users\/2"}],"replies":[{"embeddable":true,"href":"https:\/\/www.europesays.com\/fr\/wp-json\/wp\/v2\/comments?post=395966"}],"version-history":[{"count":0,"href":"https:\/\/www.europesays.com\/fr\/wp-json\/wp\/v2\/posts\/395966\/revisions"}],"wp:featuredmedia":[{"embeddable":true,"href":"https:\/\/www.europesays.com\/fr\/wp-json\/wp\/v2\/media\/395967"}],"wp:attachment":[{"href":"https:\/\/www.europesays.com\/fr\/wp-json\/wp\/v2\/media?parent=395966"}],"wp:term":[{"taxonomy":"category","embeddable":true,"href":"https:\/\/www.europesays.com\/fr\/wp-json\/wp\/v2\/categories?post=395966"},{"taxonomy":"post_tag","embeddable":true,"href":"https:\/\/www.europesays.com\/fr\/wp-json\/wp\/v2\/tags?post=395966"}],"curies":[{"name":"wp","href":"https:\/\/api.w.org\/{rel}","templated":true}]}}