{"id":395968,"date":"2025-09-16T21:15:17","date_gmt":"2025-09-16T21:15:17","guid":{"rendered":"https:\/\/www.europesays.com\/fr\/395968\/"},"modified":"2025-09-16T21:15:17","modified_gmt":"2025-09-16T21:15:17","slug":"moi-aussi-lors-du-dernier-match-a-la-rabine-jai-regarde-ma-montre-jean-noel-spitzer-en-attend-plus-avant-le-choc-rc-vannes-provence","status":"publish","type":"post","link":"https:\/\/www.europesays.com\/fr\/395968\/","title":{"rendered":"\u00ab\u00a0Moi aussi lors du dernier match \u00e0 La\u00a0Rabine, j\u2019ai regard\u00e9 ma montre\u00a0\u00bb\u00a0: Jean-No\u00ebl Spitzer en attend plus avant le choc RC Vannes-Provence"},"content":{"rendered":"<p>Pro D2 (4e journ\u00e9e). RC Vannes &#8211; Aix\/Provence Rugby, ce vendredi (21 h)<\/p>\n<p>\u00ab <a href=\"https:\/\/www.letelegramme.fr\/sports\/rugby\/rc-vannes\/direct-suivez-rc-vannes-provence-rugby-6483903.php\" target=\"_blank\" rel=\"noopener\">Il y a deux ans, \u00e7a avait \u00e9t\u00e9 un gros match de rugby<\/a> (<a href=\"https:\/\/www.letelegramme.fr\/sports\/rugby\/rc-vannes\/direct-suivez-rc-vannes-provence-rugby-6483903.php\" target=\"_blank\" rel=\"noopener\">que le RCV avait perdu 17-27<\/a>) avec un gros volume de jeu et il y a une forme d\u2019impatience \u00e0 retrouver \u00e7a. Gagner, c\u2019est toujours important. Mais la victoire doit \u00eatre la cons\u00e9quence aussi d\u2019une fa\u00e7on de jouer, de s\u2019exprimer sur le terrain. Sinon, \u00e7a ne suffira pas, on n\u2019avancera pas, on ne progressera pas. Et aujourd\u2019hui, on a besoin de progresser. On le sent \u00bb, d\u00e9clarait ce mardi <a href=\"https:\/\/www.letelegramme.fr\/sports\/rugby\/rc-vannes\/jean-noel-spitzer-un-bourreau-de-travail-au-rc-vannes-6592159.php\" target=\"_blank\" rel=\"noopener\">Jean-No\u00ebl Spitzer<\/a>, le coach d\u2019un <a href=\"https:\/\/www.letelegramme.fr\/sports\/rugby\/rc-vannes\/\" target=\"_blank\" rel=\"noopener\">RC Vannes<\/a><a href=\"https:\/\/www.letelegramme.fr\/sports\/rugby\/rc-vannes\/direct-mont-de-marsan-vannes-suivez-la-rencontre-de-la-troisieme-journee-de-pro-d2-6882462.php\" target=\"_blank\" rel=\"noopener\">battu par le Stade Montois (30-28)<\/a> o\u00f9 les Vannetais ont <a href=\"https:\/\/www.letelegramme.fr\/sports\/rugby\/rc-vannes\/coups-durs-confirmes-pour-francisco-gorrissen-et-un-pilier-du-rc-vannes-apres-leur-blessure-a-mont-de-marsan-6890313.php\" target=\"_blank\" rel=\"noopener\">perdu pour de nombreuses leur capitaine Gorrissen. Et pas seulement<\/a>\u2026. <\/p>\n<p>Cependant, malgr\u00e9 ces d\u00e9boires, Jean-No\u00ebl Spitzer, dont l\u2019\u00e9quipe b\u00e9n\u00e9ficiera du retour de l\u2019Argentin Pedemonte (meilleur marqueur d\u2019essai notamment de la saison 2023-2024) attend une r\u00e9action face \u00e0 Provence, une formation qui n\u2019a jamais cach\u00e9 ses ambitions de Top 14. Une r\u00e9action et du spectacle !<\/p>\n<p>\u00ab Tous les ingr\u00e9dients sont r\u00e9unis\u2026 J\u2019ai envie que ce soit un gros match \u00bb<\/p>\n<p>\u00ab Il faut que ce soit un gros match, avec un peu de tension et du plaisir pour le pour tout le monde. Pour les joueurs, pour les staffs, pour les supporters, en termes d\u2019intensit\u00e9 de jeu, de qualit\u00e9 de rugby. C\u2019est aussi un arbitre de haut niveau qui a \u00e9t\u00e9 d\u00e9sign\u00e9 (Ludovic Cayre). Donc, tous les ingr\u00e9dients sont r\u00e9unis pour que ce soit une affiche de ce championnat. Aux acteurs d\u2019\u00eatre au niveau des attentes aussi puisque j\u2019entends les petites frustrations, parce que moi aussi dernier match \u00e0 <a href=\"https:\/\/www.letelegramme.fr\/morbihan\/vannes-56000\/a-vannes-ce-qui-va-changer-au-stade-de-la-rabine-6850991.php\" target=\"_blank\" rel=\"noopener\">La Rabine<\/a> j\u2019ai regard\u00e9 ma montre. Donc, j\u2019ai envie que ce soit un gros match. \u00bb<\/p>\n","protected":false},"excerpt":{"rendered":"Pro D2 (4e journ\u00e9e). RC Vannes &#8211; Aix\/Provence Rugby, ce vendredi (21 h) \u00ab Il y a deux&hellip;\n","protected":false},"author":2,"featured_media":395969,"comment_status":"","ping_status":"","sticky":false,"template":"","format":"standard","meta":{"footnotes":""},"categories":[1416],"tags":[3166,1011,27,3164,479,1468,60,3165],"class_list":{"0":"post-395968","1":"post","2":"type-post","3":"status-publish","4":"format-standard","5":"has-post-thumbnail","7":"category-rugby","8":"tag-en-continu-sports","9":"tag-fr","10":"tag-france","11":"tag-rc-vannes","12":"tag-rugby","13":"tag-rugby-football","14":"tag-sports","15":"tag-vannes"},"share_on_mastodon":{"url":"https:\/\/pubeurope.com\/@fr\/115216051313147687","error":""},"_links":{"self":[{"href":"https:\/\/www.europesays.com\/fr\/wp-json\/wp\/v2\/posts\/395968","targetHints":{"allow":["GET"]}}],"collection":[{"href":"https:\/\/www.europesays.com\/fr\/wp-json\/wp\/v2\/posts"}],"about":[{"href":"https:\/\/www.europesays.com\/fr\/wp-json\/wp\/v2\/types\/post"}],"author":[{"embeddable":true,"href":"https:\/\/www.europesays.com\/fr\/wp-json\/wp\/v2\/users\/2"}],"replies":[{"embeddable":true,"href":"https:\/\/www.europesays.com\/fr\/wp-json\/wp\/v2\/comments?post=395968"}],"version-history":[{"count":0,"href":"https:\/\/www.europesays.com\/fr\/wp-json\/wp\/v2\/posts\/395968\/revisions"}],"wp:featuredmedia":[{"embeddable":true,"href":"https:\/\/www.europesays.com\/fr\/wp-json\/wp\/v2\/media\/395969"}],"wp:attachment":[{"href":"https:\/\/www.europesays.com\/fr\/wp-json\/wp\/v2\/media?parent=395968"}],"wp:term":[{"taxonomy":"category","embeddable":true,"href":"https:\/\/www.europesays.com\/fr\/wp-json\/wp\/v2\/categories?post=395968"},{"taxonomy":"post_tag","embeddable":true,"href":"https:\/\/www.europesays.com\/fr\/wp-json\/wp\/v2\/tags?post=395968"}],"curies":[{"name":"wp","href":"https:\/\/api.w.org\/{rel}","templated":true}]}}