{"id":395992,"date":"2025-09-16T21:29:10","date_gmt":"2025-09-16T21:29:10","guid":{"rendered":"https:\/\/www.europesays.com\/fr\/395992\/"},"modified":"2025-09-16T21:29:10","modified_gmt":"2025-09-16T21:29:10","slug":"le-but-de-lespoir-de-weah-double-de-mbappe-le-rouge-de-carvajal-les-moments-forts-en-video","status":"publish","type":"post","link":"https:\/\/www.europesays.com\/fr\/395992\/","title":{"rendered":"le but de l\u2019espoir de Weah, doubl\u00e9 de Mbapp\u00e9, le rouge de Carvajal&#8230; Les moments forts en vid\u00e9o"},"content":{"rendered":"<p><strong>EN VID\u00c9O &#8211; <\/strong>Les Olympiens ont ouvert la marque par l\u2019interm\u00e9diaire de l\u2019ex-Parisien Timothy Weah ce mardi, \u00e0 Madrid, contre le Real. Avant un doubl\u00e9 de Kylian Mbapp\u00e9.<\/p>\n<p class=\"fig-paragraph\">Le train est finalement arriv\u00e9 \u00e0 l\u2019heure, mais \u00e7a n\u2019a pas \u00e9t\u00e9 simple pour le Real. Apr\u00e8s une entame de match pour le moins compliqu\u00e9e, les Marseillais ont ouvert le score contre la Casa Blanca ce mardi, \u00e0 Santiago-Bernabeu, lors de\u00a0<a href=\"https:\/\/www.lefigaro.fr\/sports\/football\/ligue-des-champions\/calendrier-resultats\" target=\"_blank\" rel=\"sponsored noopener\" data-gtm-custom-categorie=\"navigation\" data-gtm-custom-action=\"crossclick\" data-gtm-custom-label=\"Contextuel\" data-gtm-event=\"customEventSPE\">la premi\u00e8re journ\u00e9e de C1<\/a>. But de l\u2019ex-Parisien Timothy Weah \u00e0 la 22e minute de jeu, suite \u00e0 une r\u00e9cup\u00e9ration de Mason Greenwood dans les pieds d\u2019Arda G\u00fcler \u00e0 hauteur de la ligne m\u00e9diane. Stupeur \u00e0 Madrid\u2026<\/p>\n<p class=\"fig-paragraph\">Joie de courte dur\u00e9e pour les Marseillais, rapidement repris par un penalty de Kylian Mbapp\u00e9 (1-1, 28e), suite \u00e0 une faute de Geoffrey Kondogbia.<\/p>\n<p>                                    <a class=\"fig-a11y-skip a11y-hidden\" href=\"#fig-a11y-skip-main-inarticle\"><br \/>\n        Passer la publicit\u00e9<br \/>\n    <\/a><\/p>\n<p class=\"fig-paragraph\">Le score ne bougeait plus avant la pause. En fait, il n\u2019avait toujours pas chang\u00e9 \u00e0 la 72e minute, mais un \u00e9v\u00e9nement important se produisait n\u00e9anmoins \u00e0 Bernabeu\u00a0: Dani Carvajal \u00e9copait d\u2019un carton rouge pour un coup de t\u00eate sur Ger\u00f3nimo Rulli. Le Real \u00e0 10 contre 11. L\u2019espoir pour l\u2019OM.<\/p>\n<p class=\"fig-paragraph\">Las, les Madril\u00e8nes l\u2019ont finalement emport\u00e9 gr\u00e2ce \u00e0 un penalty (g\u00e9n\u00e9reux), \u00e0 la 81e. C\u2019est bien \u00e9videmment Mbapp\u00e9 qui s\u2019est charg\u00e9 de la sentence.<\/p>\n","protected":false},"excerpt":{"rendered":"EN VID\u00c9O &#8211; Les Olympiens ont ouvert la marque par l\u2019interm\u00e9diaire de l\u2019ex-Parisien Timothy Weah ce mardi, \u00e0&hellip;\n","protected":false},"author":2,"featured_media":395993,"comment_status":"","ping_status":"","sticky":false,"template":"","format":"standard","meta":{"footnotes":""},"categories":[9],"tags":[1011,27,447,149,4790,60],"class_list":{"0":"post-395992","1":"post","2":"type-post","3":"status-publish","4":"format-standard","5":"has-post-thumbnail","7":"category-sports","8":"tag-fr","9":"tag-france","10":"tag-ligue-des-champions","11":"tag-om","12":"tag-real-madrid","13":"tag-sports"},"share_on_mastodon":{"url":"https:\/\/pubeurope.com\/@fr\/115216106455163597","error":""},"_links":{"self":[{"href":"https:\/\/www.europesays.com\/fr\/wp-json\/wp\/v2\/posts\/395992","targetHints":{"allow":["GET"]}}],"collection":[{"href":"https:\/\/www.europesays.com\/fr\/wp-json\/wp\/v2\/posts"}],"about":[{"href":"https:\/\/www.europesays.com\/fr\/wp-json\/wp\/v2\/types\/post"}],"author":[{"embeddable":true,"href":"https:\/\/www.europesays.com\/fr\/wp-json\/wp\/v2\/users\/2"}],"replies":[{"embeddable":true,"href":"https:\/\/www.europesays.com\/fr\/wp-json\/wp\/v2\/comments?post=395992"}],"version-history":[{"count":0,"href":"https:\/\/www.europesays.com\/fr\/wp-json\/wp\/v2\/posts\/395992\/revisions"}],"wp:featuredmedia":[{"embeddable":true,"href":"https:\/\/www.europesays.com\/fr\/wp-json\/wp\/v2\/media\/395993"}],"wp:attachment":[{"href":"https:\/\/www.europesays.com\/fr\/wp-json\/wp\/v2\/media?parent=395992"}],"wp:term":[{"taxonomy":"category","embeddable":true,"href":"https:\/\/www.europesays.com\/fr\/wp-json\/wp\/v2\/categories?post=395992"},{"taxonomy":"post_tag","embeddable":true,"href":"https:\/\/www.europesays.com\/fr\/wp-json\/wp\/v2\/tags?post=395992"}],"curies":[{"name":"wp","href":"https:\/\/api.w.org\/{rel}","templated":true}]}}