{"id":395996,"date":"2025-09-16T21:31:16","date_gmt":"2025-09-16T21:31:16","guid":{"rendered":"https:\/\/www.europesays.com\/fr\/395996\/"},"modified":"2025-09-16T21:31:16","modified_gmt":"2025-09-16T21:31:16","slug":"voici-les-folles-nouveautes-annoncees-par-youtube-ce-mardi-pour-les-createurs-et-les-spectateurs","status":"publish","type":"post","link":"https:\/\/www.europesays.com\/fr\/395996\/","title":{"rendered":"Voici les folles nouveaut\u00e9s annonc\u00e9es par YouTube ce mardi pour les cr\u00e9ateurs et les spectateurs"},"content":{"rendered":"<p class=\"sc-29e2a271-0 jjhUrQ\">Les tests A\/B, d\u00e9j\u00e0 possibles depuis deux ans sur les miniatures des vid\u00e9os, s&rsquo;\u00e9tendent enfin aux titres. La fonctionnalit\u00e9, utilis\u00e9e 15 millions de fois depuis son lancement, permet d&rsquo;optimiser l&rsquo;accroche de vos contenus. Saluons aussi le doublage automatique, qui appara\u00eet progressivement sur toutes les vid\u00e9os YouTube, qui franchit un cap suppl\u00e9mentaire, avec la synchronisation labiale. K\u00e9zako ? En fait, vos l\u00e8vres s&rsquo;alignent visuellement avec la langue doubl\u00e9e, ce qui rend les traductions plus naturelles dans les 20 langues support\u00e9es.<\/p>\n","protected":false},"excerpt":{"rendered":"Les tests A\/B, d\u00e9j\u00e0 possibles depuis deux ans sur les miniatures des vid\u00e9os, s&rsquo;\u00e9tendent enfin aux titres. La&hellip;\n","protected":false},"author":2,"featured_media":395997,"comment_status":"","ping_status":"","sticky":false,"template":"","format":"standard","meta":{"footnotes":""},"categories":[7],"tags":[1011,27,43,40,41,39,42,44],"class_list":{"0":"post-395996","1":"post","2":"type-post","3":"status-publish","4":"format-standard","5":"has-post-thumbnail","7":"category-sciences-et-technologies","8":"tag-fr","9":"tag-france","10":"tag-science","11":"tag-science-and-technology","12":"tag-sciences","13":"tag-sciences-et-technologies","14":"tag-technologies","15":"tag-technology"},"share_on_mastodon":{"url":"https:\/\/pubeurope.com\/@fr\/115216114242153854","error":""},"_links":{"self":[{"href":"https:\/\/www.europesays.com\/fr\/wp-json\/wp\/v2\/posts\/395996","targetHints":{"allow":["GET"]}}],"collection":[{"href":"https:\/\/www.europesays.com\/fr\/wp-json\/wp\/v2\/posts"}],"about":[{"href":"https:\/\/www.europesays.com\/fr\/wp-json\/wp\/v2\/types\/post"}],"author":[{"embeddable":true,"href":"https:\/\/www.europesays.com\/fr\/wp-json\/wp\/v2\/users\/2"}],"replies":[{"embeddable":true,"href":"https:\/\/www.europesays.com\/fr\/wp-json\/wp\/v2\/comments?post=395996"}],"version-history":[{"count":0,"href":"https:\/\/www.europesays.com\/fr\/wp-json\/wp\/v2\/posts\/395996\/revisions"}],"wp:featuredmedia":[{"embeddable":true,"href":"https:\/\/www.europesays.com\/fr\/wp-json\/wp\/v2\/media\/395997"}],"wp:attachment":[{"href":"https:\/\/www.europesays.com\/fr\/wp-json\/wp\/v2\/media?parent=395996"}],"wp:term":[{"taxonomy":"category","embeddable":true,"href":"https:\/\/www.europesays.com\/fr\/wp-json\/wp\/v2\/categories?post=395996"},{"taxonomy":"post_tag","embeddable":true,"href":"https:\/\/www.europesays.com\/fr\/wp-json\/wp\/v2\/tags?post=395996"}],"curies":[{"name":"wp","href":"https:\/\/api.w.org\/{rel}","templated":true}]}}