{"id":396029,"date":"2025-09-16T21:50:38","date_gmt":"2025-09-16T21:50:38","guid":{"rendered":"https:\/\/www.europesays.com\/fr\/396029\/"},"modified":"2025-09-16T21:50:38","modified_gmt":"2025-09-16T21:50:38","slug":"dans-cette-eglise-dille-et-vilaine-des-visites-pour-decouvrir-le-travail-des-archeologues","status":"publish","type":"post","link":"https:\/\/www.europesays.com\/fr\/396029\/","title":{"rendered":"Dans cette \u00e9glise d\u2019Ille-et-Vilaine, des visites pour d\u00e9couvrir le travail des arch\u00e9ologues"},"content":{"rendered":"<p>Depuis d\u00e9but septembre, <strong>\u00ab\u00a0les fouilles arch\u00e9ologiques ont repris dans l\u2019\u00e9glise de Cintr\u00e9\u00a0\u00bb,<\/strong> explique Christelle Stagnol, de l\u2019Institut national de recherches arch\u00e9ologiques pr\u00e9ventives (Inrap). En juin\u00a02023, dans le cadre du diagnostic arch\u00e9ologique, <a href=\"https:\/\/rennes.maville.com\/actu\/actudet_-70-sepultures-decouvertes-sous-une-eglise-bretonne-les-fouilles-reveleront-elles-d-autres-secrets-_7-6878712_actu.Htm?utm_source=troove&amp;utm_medium=site\" target=\"_self\" rel=\"nofollow noopener\"> <strong>\u00ab\u00a070\u00a0s\u00e9pultures avaient \u00e9t\u00e9 mises au jour, datant probablement de la fondation de l\u2019\u00e9glise Saint-Melaine, construite entre le Xe et le XIIe\u00a0si\u00e8cle\u00a0\u00bb<\/strong>,<\/a> pr\u00e9cisait Elsa Jouenet, arch\u00e9o-anthropologue \u00e0 l\u2019Inrap. Les restes d\u2019une occupation plus ancienne, datant de la fin de l\u2019Antiquit\u00e9 ou du tr\u00e8s haut Moyen \u00c2ge, ont\u00a0\u00e9galement \u00e9t\u00e9 d\u00e9couverts.<\/p>\n<p>\t<img decoding=\"async\" src=\"https:\/\/www.europesays.com\/fr\/wp-content\/uploads\/2025\/09\/P35465426D6977981G_px_640_.jpg\" alt=\"photo les arch\u00e9ologues en plein travail, dans l\u2019\u00e9glise de cintr\u00e9.  \u00a9  elsa jovenet \/ inrap\" width=\"640\" title=\" Les arch\u00e9ologues en plein travail, dans l\u2019\u00e9glise de Cintr\u00e9.   Elsa Jovenet \/ Inrap \"\/><\/p>\n<p class=\"elmt-legende\"> Les arch\u00e9ologues en plein travail, dans l\u2019\u00e9glise de Cintr\u00e9.   Elsa Jovenet \/ Inrap <\/p>\n<p>\u00c9tude des ossements et du b\u00e2ti<\/p>\n<p><strong>\u00ab\u00a0Ces fouilles sont habituelles et devraient durer deux mois et demi\u00a0\u00bb,<\/strong> pr\u00e9cise Christelle Stagnol. Pr\u00e9sents sur place, les arch\u00e9ologues\u00a0s\u2019affairent <strong>\u00ab\u00a0\u00e0 la premi\u00e8re \u00e9tape, le d\u00e9capage, afin d\u2019enlever la terre pour acc\u00e9der aux vestiges, pour d\u00e9gager plusieurs s\u00e9pultures et ossements\u00a0\u00bb<\/strong>. Dans <strong>\u00ab\u00a0cet espace privil\u00e9gi\u00e9 qu\u2019est le ch\u0153ur, la fouille des s\u00e9pultures offre l\u2019occasion d\u2019\u00e9tudier les pratiques fun\u00e9raires, ainsi que l\u2019\u00e9tat de sant\u00e9 de cette population favoris\u00e9e\u00a0\u00bb<\/strong>.<\/p>\n<p>Une autre personne va <strong>\u00ab\u00a0travailler sur le b\u00e2ti, voir comment l\u2019\u00e9difice a \u00e9t\u00e9 construit, son\u00a0\u00e9volution architecturale, et tenter de r\u00e9cup\u00e9rer un maximum d\u2019informations sur son histoire\u00a0\u00bb<\/strong>.<\/p>\n<p>\t<img decoding=\"async\" src=\"https:\/\/www.europesays.com\/fr\/wp-content\/uploads\/2025\/09\/P35465427D6977981G_px_640_.jpg\" alt=\"photo les arch\u00e9ologues en plein travail, dans l\u2019\u00e9glise de cintr\u00e9.  \u00a9  elsa jovenet \/ inrap\" width=\"640\" title=\" Les arch\u00e9ologues en plein travail, dans l\u2019\u00e9glise de Cintr\u00e9.   Elsa Jovenet \/ Inrap \"\/><\/p>\n<p class=\"elmt-legende\"> Les arch\u00e9ologues en plein travail, dans l\u2019\u00e9glise de Cintr\u00e9.   Elsa Jovenet \/ Inrap <\/p>\n<p>Le dialogue entre la fouille du sous-sol et l\u2019analyse du b\u00e2ti <strong>\u00ab\u00a0est indispensable pour cerner et affiner la chronologie des lieux\u00a0\u00bb,<\/strong> pr\u00e9cise l\u2019Inrap. Ces investigations <strong>\u00ab\u00a0devraient permettre de remonter aux origines du lieu de culte et d\u2019identifier l\u2019occupation qui la pr\u00e9c\u00e8de\u00a0\u00bb<\/strong>.<\/p>\n<p>Des visites gratuites samedi<\/p>\n<p>\u00c0 l\u2019occasion des Journ\u00e9es du patrimoine, l\u2019Inrap propose au public de <strong>\u00ab\u00a0pr\u00e9senter notre m\u00e9thodologie et d\u2019expliquer comment on travaille dans un espace restreint, au ras du sol et un milieu contraint<\/strong>, poursuit\u00a0Christelle Stagnol. <strong>Nous programmons des visites gratuites de 30\u00a0minutes, ce samedi 20\u00a0septembre, de 10\u00a0h\u00a030 \u00e0 12\u00a0h et de 14\u00a0h \u00e0 18\u00a0h, par groupe de 15\u00a0personnes.\u00a0\u00bb<\/strong><\/p>\n<p><strong>R\u00e9servations<\/strong>\u00a0en mairie pour les visites, directement \u00e0 l\u2019accueil mercredi de 13\u00a0h\u00a030 \u00e0 18\u00a0h\u00a0; jeudi, vendredi de 9\u00a0h \u00e0 12\u00a0h et de 13\u00a0h\u00a030 \u00e0 17\u00a0h\u00a030\u00a0; au 02\u00a099\u00a064\u00a016\u00a031 ou via communication@ville-cintre.fr<\/p>\n<p>\u00a0<\/p>\n","protected":false},"excerpt":{"rendered":"Depuis d\u00e9but septembre, \u00ab\u00a0les fouilles arch\u00e9ologiques ont repris dans l\u2019\u00e9glise de Cintr\u00e9\u00a0\u00bb, explique Christelle Stagnol, de l\u2019Institut national&hellip;\n","protected":false},"author":2,"featured_media":396030,"comment_status":"","ping_status":"","sticky":false,"template":"","format":"standard","meta":{"footnotes":""},"categories":[2821],"tags":[1111,11,7269,829,3979,12336,1777,674,1011,27,848,12,584,25,3847,20899],"class_list":{"0":"post-396029","1":"post","2":"type-post","3":"status-publish","4":"format-standard","5":"has-post-thumbnail","7":"category-rennes","8":"tag-actu","9":"tag-actualites","10":"tag-archeologues","11":"tag-bretagne","12":"tag-decouvrir","13":"tag-eglise","14":"tag-eu","15":"tag-europe","16":"tag-fr","17":"tag-france","18":"tag-ille-et-vilaine","19":"tag-news","20":"tag-rennes","21":"tag-republique-francaise","22":"tag-travail","23":"tag-visites"},"share_on_mastodon":{"url":"https:\/\/pubeurope.com\/@fr\/115216189360450870","error":""},"_links":{"self":[{"href":"https:\/\/www.europesays.com\/fr\/wp-json\/wp\/v2\/posts\/396029","targetHints":{"allow":["GET"]}}],"collection":[{"href":"https:\/\/www.europesays.com\/fr\/wp-json\/wp\/v2\/posts"}],"about":[{"href":"https:\/\/www.europesays.com\/fr\/wp-json\/wp\/v2\/types\/post"}],"author":[{"embeddable":true,"href":"https:\/\/www.europesays.com\/fr\/wp-json\/wp\/v2\/users\/2"}],"replies":[{"embeddable":true,"href":"https:\/\/www.europesays.com\/fr\/wp-json\/wp\/v2\/comments?post=396029"}],"version-history":[{"count":0,"href":"https:\/\/www.europesays.com\/fr\/wp-json\/wp\/v2\/posts\/396029\/revisions"}],"wp:featuredmedia":[{"embeddable":true,"href":"https:\/\/www.europesays.com\/fr\/wp-json\/wp\/v2\/media\/396030"}],"wp:attachment":[{"href":"https:\/\/www.europesays.com\/fr\/wp-json\/wp\/v2\/media?parent=396029"}],"wp:term":[{"taxonomy":"category","embeddable":true,"href":"https:\/\/www.europesays.com\/fr\/wp-json\/wp\/v2\/categories?post=396029"},{"taxonomy":"post_tag","embeddable":true,"href":"https:\/\/www.europesays.com\/fr\/wp-json\/wp\/v2\/tags?post=396029"}],"curies":[{"name":"wp","href":"https:\/\/api.w.org\/{rel}","templated":true}]}}