{"id":396061,"date":"2025-09-16T22:08:47","date_gmt":"2025-09-16T22:08:47","guid":{"rendered":"https:\/\/www.europesays.com\/fr\/396061\/"},"modified":"2025-09-16T22:08:47","modified_gmt":"2025-09-16T22:08:47","slug":"les-qpv-mis-a-lhonneur-des-journees-europeennes-du-patrimoine-2025","status":"publish","type":"post","link":"https:\/\/www.europesays.com\/fr\/396061\/","title":{"rendered":"Les QPV mis \u00e0 l\u2019honneur des journ\u00e9es europ\u00e9ennes du patrimoine 2025"},"content":{"rendered":"<p><img width=\"487\" height=\"299\" src=\"https:\/\/www.europesays.com\/fr\/wp-content\/uploads\/2025\/09\/prefectureRhone2.jpg\" class=\"attachment-post-thumbnail size-post-thumbnail wp-post-image\" alt=\"\" decoding=\"async\" fetchpriority=\"high\" \/><\/p>\n<p>La pr\u00e9fecture du Rh\u00f4ne et de la r\u00e9gion Auvergne-Rh\u00f4ne-Alpes (SdH\/LPI)<\/p>\n<p><strong>Les quartiers prioritaires de la politique de la ville du Rh\u00f4ne seront mis a l\u2019honneur ce week-end \u00e0 l\u2019occasion de cet \u00e9v\u00e8nement annuel.<\/strong><\/p>\n<p>Les Journ\u00e9es europ\u00e9ennes du patrimoine (JEP) se tiendront les 19, 20 et 21 septembre prochains, un rendez-vous culturel annuel qui permet aux citoyens de tous les \u00e2ges de d\u00e9couvrir la richesse du patrimoine fran\u00e7ais, d\u2019acc\u00e9der aux lieux symboliques de la m\u00e9moire collective, et de mieux conna\u00eetre ainsi l\u2019Histoire de leur territoire.<\/p>\n<p>Fabienne Buccio, pr\u00e9f\u00e8te de r\u00e9gion Auvergne-Rh\u00f4ne-Alpes, a, cette ann\u00e9e, souhait\u00e9 mettre l\u2019accent sur les quartiers prioritaires de la politique de la ville (QPV), pour montrer que l\u2019Histoire s\u2019\u00e9crit partout et que la culture appartient \u00e0 chacun. \u00abC\u2019est aussi une fa\u00e7on de rendre compte aux citoyens des moyens qui y sont engag\u00e9s dans le cadre de la politique de la ville\u00bb, note la pr\u00e9fecture du Rh\u00f4ne dans un communiqu\u00e9.<\/p>\n<p>Red\u00e9couvrir des p\u00e9pites patrimoniales moins connues<\/p>\n<p>Une part significative des subventions est utilis\u00e9e pour l\u2019acc\u00e8s \u00e0 la culture \u00e0 travers diff\u00e9rentes initiatives, tandis que des aides \u00e0 l\u2019investissement de l\u2019\u00c9tat sont mobilis\u00e9es pour la restauration et la mise en valeur de monuments et d&rsquo;\u00e9quipements structurants.<\/p>\n<p>Les JEP permettront, au-del\u00e0 des sites embl\u00e9matiques comme le Vieux Lyon inscrit au patrimoine mondial de l\u2019UNESCO, la basilique de Fourvi\u00e8re, l\u2019H\u00f4tel de Ville ou encore l\u2019amphith\u00e9\u00e2tre romain des Trois Gaules, de d\u00e9couvrir ou de red\u00e9couvrir d\u2019autres p\u00e9pites moins connues de la m\u00e9tropole lyonnaise. Ce sont ainsi des architectures industrielles reconverties, des fresques murales, ou encore des lieux culturels et m\u00e9moriels qui t\u00e9moignent de l\u2019histoire ouvri\u00e8re, migratoire et sociale du territoire.<\/p>\n<p>Pour la pr\u00e9fecture, \u00abla mise en lumi\u00e8re de ces sites et les \u00e9v\u00e9nements organis\u00e9s \u00e0 proximit\u00e9 contribueront \u00e0 renforcer l\u2019attractivit\u00e9 des QPV, \u00e0 favoriser le sentiment d\u2019appartenance de ses habitants et \u00e0 donner toute sa place \u00e0 la culture comme vecteur d\u2019\u00e9galit\u00e9 et de citoyennet\u00e9\u00bb.<\/p>\n<p><strong>Si vous avez appr\u00e9ci\u00e9 cet article, s&rsquo;il vous plait, prenez le temps de <a href=\"#comments\">laisser un commentaire<\/a> ou de <a href=\"http:\/\/www.lyonpoleimmo.com\/feed\/\" rel=\"nofollow noopener\" target=\"_blank\">souscrire au flux<\/a> afin de recevoir les futurs articles directement dans votre lecteur de flux.<br \/>\n    <\/strong><\/p>\n<p>\t<a href=\"http:\/\/www.lyonpoleimmo.com\/2025\/09\/15\/92154\/275-logements-de-la-cite-tony-garnier-ont-ete-rehabilites\/\" rel=\"bookmark nofollow noopener\" title=\"Lien Permanent vers 275 logements de la cit\u00e9 Tony Garnier ont \u00e9t\u00e9 r\u00e9habilit\u00e9s\" target=\"_blank\">275 logements de la cit\u00e9 Tony Garnier ont \u00e9t\u00e9 r\u00e9habilit\u00e9s<\/a><\/p>\n<p>\t<a href=\"http:\/\/www.lyonpoleimmo.com\/2025\/09\/15\/92154\/275-logements-de-la-cite-tony-garnier-ont-ete-rehabilites\/\" rel=\"bookmark nofollow noopener\" title=\"Lien Permanent vers 275 logements de la cit\u00e9 Tony Garnier ont \u00e9t\u00e9 r\u00e9habilit\u00e9s\" target=\"_blank\"><\/p>\n<p><img decoding=\"async\" src=\"https:\/\/www.europesays.com\/fr\/wp-content\/uploads\/2025\/09\/Cite-Tony-Garnier.jpg\" \/>GrandLyon Habitat organisait vendredi une visite de la Cit\u00e9 Tony Garnier, dans le 8e arrondissement de Lyon, en pr\u00e9sence d\u2019\u00e9lus de la Ville et de la M\u00e9tropole, et de la sous-pr\u00e9f\u00e8te charg\u00e9e de la politique de la ville.<\/p>\n<p><\/a><\/p>\n<p>\t<a href=\"http:\/\/www.lyonpoleimmo.com\/2025\/09\/14\/92131\/rehabilitation-ou-construction-le-difficile-choix-des-bailleurs-sociaux\/\" rel=\"bookmark nofollow noopener\" title=\"Lien Permanent vers R\u00e9habilitation ou construction\u00a0: le difficile choix des bailleurs sociaux\" target=\"_blank\">R\u00e9habilitation ou construction\u00a0: le difficile choix des bailleurs sociaux<\/a><\/p>\n<p>\t<a href=\"http:\/\/www.lyonpoleimmo.com\/2025\/09\/14\/92131\/rehabilitation-ou-construction-le-difficile-choix-des-bailleurs-sociaux\/\" rel=\"bookmark nofollow noopener\" title=\"Lien Permanent vers R\u00e9habilitation ou construction\u00a0: le difficile choix des bailleurs sociaux\" target=\"_blank\"><\/p>\n<p>C\u2019est ce que souligne la derni\u00e8re \u00e9tude \u00e9conomique et financi\u00e8re de la Banque des Territoires consacr\u00e9e au logement social, \u00abPerspectives\u00bb<\/p>\n<p><\/a><\/p>\n<p>\t<a href=\"http:\/\/www.lyonpoleimmo.com\/2025\/09\/01\/91954\/saint-genis-laval-vers-une-renovation-de-la-residence-autonomie-le-colombier\/\" rel=\"bookmark nofollow noopener\" title=\"Lien Permanent vers Saint-Genis-Laval\u00a0: vers une r\u00e9novation de la r\u00e9sidence autonomie \u00abLe Colombier\u00bb\" target=\"_blank\">Saint-Genis-Laval\u00a0: vers une r\u00e9novation de la r\u00e9sidence autonomie \u00abLe Colombier\u00bb<\/a><\/p>\n<p>\t<a href=\"http:\/\/www.lyonpoleimmo.com\/2025\/09\/01\/91954\/saint-genis-laval-vers-une-renovation-de-la-residence-autonomie-le-colombier\/\" rel=\"bookmark nofollow noopener\" title=\"Lien Permanent vers Saint-Genis-Laval\u00a0: vers une r\u00e9novation de la r\u00e9sidence autonomie \u00abLe Colombier\u00bb\" target=\"_blank\"><\/p>\n<p>CDC Habitat Auvergne-Rh\u00f4ne Alpes et la ville de Saint-Genis-Laval se sont engag\u00e9es dans une r\u00e9novation de la r\u00e9sidence autonomie \u00abLe Colombier\u00bb.<\/p>\n<p><\/a><\/p>\n<p>\t<a href=\"http:\/\/www.lyonpoleimmo.com\/2025\/08\/31\/91941\/grandlyon-habitat-facilite-linstallation-de-professionnels-de-sante\/\" rel=\"bookmark nofollow noopener\" title=\"Lien Permanent vers GrandLyon Habitat facilite l\u2019installation de professionnels de sant\u00e9\" target=\"_blank\">GrandLyon Habitat facilite l\u2019installation de professionnels de sant\u00e9<\/a><\/p>\n<p>\t<a href=\"http:\/\/www.lyonpoleimmo.com\/2025\/08\/31\/91941\/grandlyon-habitat-facilite-linstallation-de-professionnels-de-sante\/\" rel=\"bookmark nofollow noopener\" title=\"Lien Permanent vers GrandLyon Habitat facilite l\u2019installation de professionnels de sant\u00e9\" target=\"_blank\"><\/p>\n<p>GrandLyon Habitat s\u2019est engag\u00e9 aux cot\u00e9s de l\u2019ARS et de la CPAM, lors d\u2019une c\u00e9r\u00e9monie organis\u00e9e \u00e0 l\u2019H\u00f4tel de Ville de Lyon, \u00e0 faciliter l\u2019installation de professionnels de sant\u00e9 \u00e0 Lyon.<\/p>\n<p><\/a><\/p>\n<p>\t<a href=\"http:\/\/www.lyonpoleimmo.com\/2025\/08\/28\/91926\/une-1ere-residence-universitaire-geree-en-direct-par-lyon-metropole-habitat\/\" rel=\"bookmark nofollow noopener\" title=\"Lien Permanent vers Une 1\u00e8re r\u00e9sidence universitaire g\u00e9r\u00e9e en direct par Lyon M\u00e9tropole Habitat\" target=\"_blank\">Une 1\u00e8re r\u00e9sidence universitaire g\u00e9r\u00e9e en direct par Lyon M\u00e9tropole Habitat<\/a><\/p>\n<p>\t<a href=\"http:\/\/www.lyonpoleimmo.com\/2025\/08\/28\/91926\/une-1ere-residence-universitaire-geree-en-direct-par-lyon-metropole-habitat\/\" rel=\"bookmark nofollow noopener\" title=\"Lien Permanent vers Une 1\u00e8re r\u00e9sidence universitaire g\u00e9r\u00e9e en direct par Lyon M\u00e9tropole Habitat\" target=\"_blank\"><\/p>\n<p><img decoding=\"async\" src=\"https:\/\/www.europesays.com\/fr\/wp-content\/uploads\/2025\/09\/Clair-Tisseur.jpg\" alt=\"null\" \/>La r\u00e9sidence \u00abClair Tisseur\u00bb, dans le 7e arrondissement de Lyon, a accueilli ce jeudi ses premiers \u00e9tudiants.<\/p>\n<p><\/a><\/p>\n<p>\t<a href=\"http:\/\/www.lyonpoleimmo.com\/2025\/08\/28\/91918\/trevoux-alliade-habitat-construit-123-logements-en-habitat-intergenerationnel\/\" rel=\"bookmark nofollow noopener\" title=\"Lien Permanent vers Tr\u00e9voux : Alliade Habitat construit 123 logements en habitat interg\u00e9n\u00e9rationnel\" target=\"_blank\">Tr\u00e9voux : Alliade Habitat construit 123 logements en habitat interg\u00e9n\u00e9rationnel<\/a><\/p>\n<p>\t<a href=\"http:\/\/www.lyonpoleimmo.com\/2025\/08\/28\/91918\/trevoux-alliade-habitat-construit-123-logements-en-habitat-intergenerationnel\/\" rel=\"bookmark nofollow noopener\" title=\"Lien Permanent vers Tr\u00e9voux : Alliade Habitat construit 123 logements en habitat interg\u00e9n\u00e9rationnel\" target=\"_blank\"><\/p>\n<p><img decoding=\"async\" src=\"https:\/\/www.europesays.com\/fr\/wp-content\/uploads\/2025\/09\/Trevoux-Alliade.jpg\" \/>Alliade Habitat a donn\u00e9 le coup d\u2019envoi symbolique de la phase de d\u00e9molition pr\u00e9alable \u00e0 la construction d\u2019un ensemble<\/p>\n<p><\/a><\/p>\n<p>\t<a href=\"http:\/\/www.lyonpoleimmo.com\/2025\/08\/20\/91865\/nouveau-recul-des-ventes-de-logements-neufs\/\" rel=\"bookmark nofollow noopener\" title=\"Lien Permanent vers Nouveau recul des ventes de logements neufs\" target=\"_blank\">Nouveau recul des ventes de logements neufs<\/a><\/p>\n<p>\t<a href=\"http:\/\/www.lyonpoleimmo.com\/2025\/08\/20\/91865\/nouveau-recul-des-ventes-de-logements-neufs\/\" rel=\"bookmark nofollow noopener\" title=\"Lien Permanent vers Nouveau recul des ventes de logements neufs\" target=\"_blank\"><\/p>\n<p>La derni\u00e8re enqu\u00eate sur la commercialisation de logements neufs portant sur les r\u00e9servations du deuxi\u00e8me trimestre r\u00e9v\u00e8le n\u00e9anmoins une hausse des ventes de maisons individuelles.<\/p>\n<p><\/a><\/p>\n<p>\t<a href=\"http:\/\/www.lyonpoleimmo.com\/2025\/07\/21\/91711\/bel-air-930-nouvel-acte-de-la-massification-des-rehabilitations\/\" rel=\"bookmark nofollow noopener\" title=\"Lien Permanent vers Bel Air 930, nouvel acte de la massification des r\u00e9habilitations\" target=\"_blank\">Bel Air 930, nouvel acte de la massification des r\u00e9habilitations<\/a><\/p>\n<p>\t<a href=\"http:\/\/www.lyonpoleimmo.com\/2025\/07\/21\/91711\/bel-air-930-nouvel-acte-de-la-massification-des-rehabilitations\/\" rel=\"bookmark nofollow noopener\" title=\"Lien Permanent vers Bel Air 930, nouvel acte de la massification des r\u00e9habilitations\" target=\"_blank\"><\/p>\n<p>Est M\u00e9tropole Habitat a r\u00e9cemment inaugur\u00e9 la r\u00e9habilitation de 930 logements locatifs sociaux \u00e0 Saint-Priest, dans le quartier de Bel Air. Ceci fait suite \u00e0 une pr\u00e9c\u00e9dente exp\u00e9rience toute aussi massive r\u00e9alis\u00e9e \u00e0 Vaulx-en-Velin.<\/p>\n<p><\/a><\/p>\n<p>\t<a href=\"http:\/\/www.lyonpoleimmo.com\/2025\/07\/21\/91706\/lobjectif-est-vraiment-de-baisser-les-consommations-des-batiments\/\" rel=\"bookmark nofollow noopener\" title=\"Lien Permanent vers \u00abL\u2019objectif est vraiment de baisser les consommations des b\u00e2timents\u00bb\" target=\"_blank\">\u00abL\u2019objectif est vraiment de baisser les consommations des b\u00e2timents\u00bb<\/a><\/p>\n<p>\t<a href=\"http:\/\/www.lyonpoleimmo.com\/2025\/07\/21\/91706\/lobjectif-est-vraiment-de-baisser-les-consommations-des-batiments\/\" rel=\"bookmark nofollow noopener\" title=\"Lien Permanent vers \u00abL\u2019objectif est vraiment de baisser les consommations des b\u00e2timents\u00bb\" target=\"_blank\"><\/p>\n<p><img decoding=\"async\" src=\"https:\/\/www.europesays.com\/fr\/wp-content\/uploads\/2025\/09\/Bertho-Mayette.jpg\" alt=\"null\" \/>Bertho Mayette est responsable r\u00e9habilitation d\u2019Est M\u00e9tropole Habitat. Nous revenons avec lui sur la r\u00e9habilitation de 930 logements r\u00e9alis\u00e9e durant les derniers mois dans le quartier Bel-Air \u00e0 Saint-Priest.<\/p>\n<p><\/a><\/p>\n<p>\t<a href=\"http:\/\/www.lyonpoleimmo.com\/2025\/07\/20\/91696\/la-rehabilitation-des-immeubles-f-et-r-nouvelle-etape-pour-les-coproprietes-bellevue\/\" rel=\"bookmark nofollow noopener\" title=\"Lien Permanent vers La r\u00e9habilitation des immeubles F et R, nouvelle \u00e9tape pour les copropri\u00e9t\u00e9s Bellevue\" target=\"_blank\">La r\u00e9habilitation des immeubles F et R, nouvelle \u00e9tape pour les copropri\u00e9t\u00e9s Bellevue<\/a><\/p>\n<p>\t<a href=\"http:\/\/www.lyonpoleimmo.com\/2025\/07\/20\/91696\/la-rehabilitation-des-immeubles-f-et-r-nouvelle-etape-pour-les-coproprietes-bellevue\/\" rel=\"bookmark nofollow noopener\" title=\"Lien Permanent vers La r\u00e9habilitation des immeubles F et R, nouvelle \u00e9tape pour les copropri\u00e9t\u00e9s Bellevue\" target=\"_blank\"><\/p>\n<p>Deux immeubles ont \u00e9t\u00e9 r\u00e9habilit\u00e9s avec le soutien des pouvoirs publics dans le cadre du plan de sauvegarde des copropri\u00e9t\u00e9s en difficult\u00e9s Bellevue. Ceux-ci ont \u00e9t\u00e9 inaugur\u00e9s jeudi 10 juillet \u00e0 Saint-Priest.<\/p>\n<p><\/a><\/p>\n<p>\t<a href=\"http:\/\/www.lyonpoleimmo.com\/2025\/07\/17\/91689\/pose-de-premiere-pierre-de-felix-et-de-flora\/\" rel=\"bookmark nofollow noopener\" title=\"Lien Permanent vers Pose de premi\u00e8re pierre de \u00abF\u00e9lix\u00bb et de \u00abFlora\u00bb\" target=\"_blank\">Pose de premi\u00e8re pierre de \u00abF\u00e9lix\u00bb et de \u00abFlora\u00bb<\/a><\/p>\n<p>\t<a href=\"http:\/\/www.lyonpoleimmo.com\/2025\/07\/17\/91689\/pose-de-premiere-pierre-de-felix-et-de-flora\/\" rel=\"bookmark nofollow noopener\" title=\"Lien Permanent vers Pose de premi\u00e8re pierre de \u00abF\u00e9lix\u00bb et de \u00abFlora\u00bb\" target=\"_blank\"><\/p>\n<p><img decoding=\"async\" src=\"https:\/\/www.europesays.com\/fr\/wp-content\/uploads\/2025\/07\/Vilogia-PUP-Vienne-Duvivier.jpg\" alt=\"null\" \/>Vilogia a pos\u00e9 ce jeudi la premi\u00e8re pierre de ces programmes immobiliers construits dans le cadre du PUP Vienne Duvivier, dans le 7e arrondissement de Lyon.<\/p>\n<p><\/a><\/p>\n<p>\t<a href=\"http:\/\/www.lyonpoleimmo.com\/2025\/07\/17\/91680\/alliade-habitat-poursuit-ses-rehabilitations-pour-le-confort-des-locataires\/\" rel=\"bookmark nofollow noopener\" title=\"Lien Permanent vers Alliade Habitat poursuit ses r\u00e9habilitations pour le confort des locataires\" target=\"_blank\">Alliade Habitat poursuit ses r\u00e9habilitations pour le confort des locataires<\/a><\/p>\n<p>\t<a href=\"http:\/\/www.lyonpoleimmo.com\/2025\/07\/17\/91680\/alliade-habitat-poursuit-ses-rehabilitations-pour-le-confort-des-locataires\/\" rel=\"bookmark nofollow noopener\" title=\"Lien Permanent vers Alliade Habitat poursuit ses r\u00e9habilitations pour le confort des locataires\" target=\"_blank\"><\/p>\n<p>Face aux fortes chaleurs, l\u2019entreprise sociale pour l\u2019habitat maintient ses efforts en mati\u00e8re de r\u00e9habilitation thermique afin d\u2019am\u00e9liorer le confort de ses locataires.<\/p>\n<p><\/a><\/p>\n<p>\t<a href=\"http:\/\/www.lyonpoleimmo.com\/2025\/07\/16\/91665\/le-taux-du-livret-a-ramene-a-17-au-1er-aout\/\" rel=\"bookmark nofollow noopener\" title=\"Lien Permanent vers Le taux du livret A ramen\u00e9 \u00e0 1,7% au 1er ao\u00fbt\" target=\"_blank\">Le taux du livret A ramen\u00e9 \u00e0 1,7% au 1er ao\u00fbt<\/a><\/p>\n<p>\t<a href=\"http:\/\/www.lyonpoleimmo.com\/2025\/07\/16\/91665\/le-taux-du-livret-a-ramene-a-17-au-1er-aout\/\" rel=\"bookmark nofollow noopener\" title=\"Lien Permanent vers Le taux du livret A ramen\u00e9 \u00e0 1,7% au 1er ao\u00fbt\" target=\"_blank\"><\/p>\n<p>Le gouvernement met en avant \u00abun soutien suppl\u00e9mentaire pour la production de nouveaux logements sociaux\u00bb. La d\u00e9cision a \u00e9t\u00e9 bien accueillie par les bailleurs sociaux.<\/p>\n<p><\/a><\/p>\n<p>\t<a href=\"http:\/\/www.lyonpoleimmo.com\/2025\/07\/14\/91633\/les-partenaires-daction-logement-defendent-le-parisianisme\/\" rel=\"bookmark nofollow noopener\" title=\"Lien Permanent vers Les partenaires d\u2019Action Logement d\u00e9fendent le paritarisme\" target=\"_blank\">Les partenaires d\u2019Action Logement d\u00e9fendent le paritarisme<\/a><\/p>\n<p>\t<a href=\"http:\/\/www.lyonpoleimmo.com\/2025\/07\/14\/91633\/les-partenaires-daction-logement-defendent-le-parisianisme\/\" rel=\"bookmark nofollow noopener\" title=\"Lien Permanent vers Les partenaires d\u2019Action Logement d\u00e9fendent le paritarisme\" target=\"_blank\"><\/p>\n<p>Les partenaires sociaux d\u2019Action Logement ont adress\u00e9 un courrier au Premier ministre, pour d\u00e9fendre le mod\u00e8le paritaire.<\/p>\n<p><\/a><\/p>\n<p>\t<a href=\"http:\/\/www.lyonpoleimmo.com\/2025\/07\/08\/91585\/une-convention-de-partenariat-elargie-entre-soliha-et-la-metropole-de-lyon\/\" rel=\"bookmark nofollow noopener\" title=\"Lien Permanent vers Une convention de partenariat \u00e9largie entre Soliha et la M\u00e9tropole de Lyon\" target=\"_blank\">Une convention de partenariat \u00e9largie entre Soliha et la M\u00e9tropole de Lyon<\/a><\/p>\n<p>\t<a href=\"http:\/\/www.lyonpoleimmo.com\/2025\/07\/08\/91585\/une-convention-de-partenariat-elargie-entre-soliha-et-la-metropole-de-lyon\/\" rel=\"bookmark nofollow noopener\" title=\"Lien Permanent vers Une convention de partenariat \u00e9largie entre Soliha et la M\u00e9tropole de Lyon\" target=\"_blank\"><\/p>\n<p><img decoding=\"async\" src=\"https:\/\/www.europesays.com\/fr\/wp-content\/uploads\/2025\/07\/soliha.jpg\" alt=\"null\" \/>A l\u2019occasion des 20 ans de leur partenariat, celui-ci a \u00e9t\u00e9 confirm\u00e9 avec la signature d\u2019une nouvelle convention.<\/p>\n<p><\/a><\/p>\n","protected":false},"excerpt":{"rendered":"La pr\u00e9fecture du Rh\u00f4ne et de la r\u00e9gion Auvergne-Rh\u00f4ne-Alpes (SdH\/LPI) Les quartiers prioritaires de la politique de la&hellip;\n","protected":false},"author":2,"featured_media":396062,"comment_status":"","ping_status":"","sticky":false,"template":"","format":"standard","meta":{"footnotes":""},"categories":[1889],"tags":[1111,11,2430,1777,674,1011,27,16354,2428,12,25],"class_list":{"0":"post-396061","1":"post","2":"type-post","3":"status-publish","4":"format-standard","5":"has-post-thumbnail","7":"category-lyon","8":"tag-actu","9":"tag-actualites","10":"tag-auvergne-rhone-alpes","11":"tag-eu","12":"tag-europe","13":"tag-fr","14":"tag-france","15":"tag-logement-social","16":"tag-lyon","17":"tag-news","18":"tag-republique-francaise"},"share_on_mastodon":{"url":"https:\/\/pubeurope.com\/@fr\/115216264187742245","error":""},"_links":{"self":[{"href":"https:\/\/www.europesays.com\/fr\/wp-json\/wp\/v2\/posts\/396061","targetHints":{"allow":["GET"]}}],"collection":[{"href":"https:\/\/www.europesays.com\/fr\/wp-json\/wp\/v2\/posts"}],"about":[{"href":"https:\/\/www.europesays.com\/fr\/wp-json\/wp\/v2\/types\/post"}],"author":[{"embeddable":true,"href":"https:\/\/www.europesays.com\/fr\/wp-json\/wp\/v2\/users\/2"}],"replies":[{"embeddable":true,"href":"https:\/\/www.europesays.com\/fr\/wp-json\/wp\/v2\/comments?post=396061"}],"version-history":[{"count":0,"href":"https:\/\/www.europesays.com\/fr\/wp-json\/wp\/v2\/posts\/396061\/revisions"}],"wp:featuredmedia":[{"embeddable":true,"href":"https:\/\/www.europesays.com\/fr\/wp-json\/wp\/v2\/media\/396062"}],"wp:attachment":[{"href":"https:\/\/www.europesays.com\/fr\/wp-json\/wp\/v2\/media?parent=396061"}],"wp:term":[{"taxonomy":"category","embeddable":true,"href":"https:\/\/www.europesays.com\/fr\/wp-json\/wp\/v2\/categories?post=396061"},{"taxonomy":"post_tag","embeddable":true,"href":"https:\/\/www.europesays.com\/fr\/wp-json\/wp\/v2\/tags?post=396061"}],"curies":[{"name":"wp","href":"https:\/\/api.w.org\/{rel}","templated":true}]}}