{"id":396068,"date":"2025-09-16T22:14:16","date_gmt":"2025-09-16T22:14:16","guid":{"rendered":"https:\/\/www.europesays.com\/fr\/396068\/"},"modified":"2025-09-16T22:14:16","modified_gmt":"2025-09-16T22:14:16","slug":"ademola-lookman-un-grand-absent-a-paris","status":"publish","type":"post","link":"https:\/\/www.europesays.com\/fr\/396068\/","title":{"rendered":"Ademola Lookman, un grand absent \u00e0 Paris"},"content":{"rendered":"<p class=\"mb-4 text-lg md:leading-8 break-words\">L&rsquo;attaquant nig\u00e9rian de l&rsquo;Atalanta Bergame, Ademola Lookman, devrait manquer le premier match de Ligue des champions de son \u00e9quipe face au Paris SG mercredi (19h TU). Le Super Eagle a \u00e9t\u00e9 mis de c\u00f4t\u00e9 en raison de son insistance pour quitter le club cet \u00e9t\u00e9.<\/p>\n<p class=\"mb-4 text-lg md:leading-8 break-words\">Vainqueur la saison pass\u00e9e pour la premi\u00e8re fois de leur histoire, le Paris SG remet sa couronne en jeu. Son premier test sera face \u00e0 une formation italienne amput\u00e9e de son meilleur joueur : le Nig\u00e9rian Ademola Lookman. Courtis\u00e9 cet \u00e9t\u00e9 par l&rsquo;Inter Milan, le <a href=\"https:\/\/www.rfi.fr\/fr\/afrique-foot\/20241216-football-le-nig\u00e9rian-ademola-lookman-sacr\u00e9-joueur-africain-de-l-ann\u00e9e-2024\" rel=\"nofollow noopener\" target=\"_blank\" data-ylk=\"slk:meilleur joueur africain en 2024;elm:context_link;itc:0;sec:content-canvas\" class=\"link \"><strong>meilleur joueur africain en 2024<\/strong><\/a> a s\u00e9ch\u00e9 l&rsquo;entra\u00eenement pour forcer son transfert, et il n\u2019a toujours pas jou\u00e9 pour les Bergamasques cette saison.<\/p>\n<p class=\"mb-4 text-lg md:leading-8 break-words\">Interrog\u00e9 avec la victoire des siens 4-1 contre Lecce sur la pr\u00e9sence ou non d&rsquo;Ademola Lookman dans le groupe face au PSG, le nouveau coach de l&rsquo;Atalanta Ivan Juric est plut\u00f4t cat\u00e9gorique. \u00ab Je ne pense pas, c&rsquo;est une situation inconfortable \u00bb, a r\u00e9pondu Ivan Juric au sujet de la pr\u00e9sence ou non de Lookman pour le match \u00e0 Paris. \u00ab Il a beaucoup donn\u00e9 \u00e0 l&rsquo;Atalanta mais le club lui a aussi donn\u00e9 beaucoup. Nous avons besoin de joueurs qui sont pr\u00eats, qui veulent jouer pour le club et progresser. \u00bb<\/p>\n<p class=\"mb-4 text-lg md:leading-8 break-words\">\u00c0 lire aussi<a href=\"https:\/\/www.rfi.fr\/fr\/afrique-foot\/20241216-joueur-africain-de-l-ann\u00e9e-ademola-lookman-l-envol-majesteux-du-super-eagle\" class=\"link \" rel=\"nofollow noopener\" target=\"_blank\" data-ylk=\"slk:Joueur africain de l\u2019ann\u00e9e: Ademola Lookman, l\u2019envol majestueux du Super Eagle;elm:context_link;itc:0;sec:content-canvas\">Joueur africain de l\u2019ann\u00e9e: Ademola Lookman, l\u2019envol majestueux du Super Eagle<\/a><\/p>\n<p class=\"mb-4 text-lg md:leading-8 break-words\">Il faut dire que les relations entre l&rsquo;attaquant nig\u00e9rian sont glaciales ces derniers mois. Apr\u00e8s un exercice 2024-2025 abouti avec 20 buts au compteur, Lookman veut voir ailleurs, surtout que l&rsquo;Inter lui fait les yeux doux. Mais l&rsquo;Atalanta r\u00e9siste. Ce qui n&rsquo;est du gout du Nig\u00e9rian qui n\u2019h\u00e9site pas \u00e0 se plaindre sur les r\u00e9seaux sociaux.<\/p>\n<p class=\"mb-4 text-lg md:leading-8 break-words\">Lookman avait d\u00e9j\u00e0 tent\u00e9 de quitter l&rsquo;Atalanta lors du pr\u00e9c\u00e9dent mercato estival, justement pour rejoindre le PSG a l&rsquo;\u00e9t\u00e9 2024.<\/p>\n<p class=\"mb-4 text-lg md:leading-8 break-words\">Le joueur de 27 ans a inscrit 52 buts en 117 rencontres pour l&rsquo;Atalanta, avec notamment un tripl\u00e9 m\u00e9morable en finale de Ligue Europa en 2024, offrant au club de Bergame son premier titre europ\u00e9en.<\/p>\n<p class=\"mb-4 text-lg md:leading-8 break-words\">Revenu \u00e0 l&rsquo;entra\u00eenement \u00e0 la mi-ao\u00fbt, l\u2019ex-joueur du RB Leipzig s&rsquo;est expliqu\u00e9 avec ses dirigeants sans toutefois trouver une issue favorable \u00e0 cette brouille.<\/p>\n<p class=\"mb-4 text-lg md:leading-8 break-words\">Sous contrat jusqu&rsquo;en 2027. Ademola Lookman verra donc de loin son \u00e9quipe affronter les champions d&rsquo;Europe en titre. En attendant sa r\u00e9habilitation\u2026<\/p>\n<p class=\"mb-4 text-lg md:leading-8 break-words\">\u00c0 lire aussi<a href=\"https:\/\/www.rfi.fr\/fr\/afrique-foot\/20241216-football-le-nig\u00e9rian-ademola-lookman-sacr\u00e9-joueur-africain-de-l-ann\u00e9e-2024\" class=\"link \" rel=\"nofollow noopener\" target=\"_blank\" data-ylk=\"slk:Football: le Nig\u00e9rian Ademola Lookman sacr\u00e9 Joueur africain de l\u2019ann\u00e9e 2024;elm:context_link;itc:0;sec:content-canvas\">Football: le Nig\u00e9rian Ademola Lookman sacr\u00e9 Joueur africain de l\u2019ann\u00e9e 2024<\/a><\/p>\n","protected":false},"excerpt":{"rendered":"L&rsquo;attaquant nig\u00e9rian de l&rsquo;Atalanta Bergame, Ademola Lookman, devrait manquer le premier match de Ligue des champions de son&hellip;\n","protected":false},"author":2,"featured_media":396069,"comment_status":"","ping_status":"","sticky":false,"template":"","format":"standard","meta":{"footnotes":""},"categories":[1888],"tags":[1111,1928,11,1927,52796,1777,674,1011,27,52797,52799,13731,52798,8628,12,1926,626,1925,92,18012,25],"class_list":{"0":"post-396068","1":"post","2":"type-post","3":"status-publish","4":"format-standard","5":"has-post-thumbnail","7":"category-paris","8":"tag-actu","9":"tag-actu-paris","10":"tag-actualites","11":"tag-actualites-paris","12":"tag-ademola-lookman","13":"tag-eu","14":"tag-europe","15":"tag-fr","16":"tag-france","17":"tag-ivan-juric","18":"tag-lecce","19":"tag-meilleur-joueur","20":"tag-meilleur-joueur-africain","21":"tag-milan","22":"tag-news","23":"tag-news-paris","24":"tag-paris","25":"tag-paris-news","26":"tag-paris-sg","27":"tag-rb-leipzig","28":"tag-republique-francaise"},"share_on_mastodon":{"url":"https:\/\/pubeurope.com\/@fr\/115216283922661923","error":""},"_links":{"self":[{"href":"https:\/\/www.europesays.com\/fr\/wp-json\/wp\/v2\/posts\/396068","targetHints":{"allow":["GET"]}}],"collection":[{"href":"https:\/\/www.europesays.com\/fr\/wp-json\/wp\/v2\/posts"}],"about":[{"href":"https:\/\/www.europesays.com\/fr\/wp-json\/wp\/v2\/types\/post"}],"author":[{"embeddable":true,"href":"https:\/\/www.europesays.com\/fr\/wp-json\/wp\/v2\/users\/2"}],"replies":[{"embeddable":true,"href":"https:\/\/www.europesays.com\/fr\/wp-json\/wp\/v2\/comments?post=396068"}],"version-history":[{"count":0,"href":"https:\/\/www.europesays.com\/fr\/wp-json\/wp\/v2\/posts\/396068\/revisions"}],"wp:featuredmedia":[{"embeddable":true,"href":"https:\/\/www.europesays.com\/fr\/wp-json\/wp\/v2\/media\/396069"}],"wp:attachment":[{"href":"https:\/\/www.europesays.com\/fr\/wp-json\/wp\/v2\/media?parent=396068"}],"wp:term":[{"taxonomy":"category","embeddable":true,"href":"https:\/\/www.europesays.com\/fr\/wp-json\/wp\/v2\/categories?post=396068"},{"taxonomy":"post_tag","embeddable":true,"href":"https:\/\/www.europesays.com\/fr\/wp-json\/wp\/v2\/tags?post=396068"}],"curies":[{"name":"wp","href":"https:\/\/api.w.org\/{rel}","templated":true}]}}