{"id":396082,"date":"2025-09-16T22:22:15","date_gmt":"2025-09-16T22:22:15","guid":{"rendered":"https:\/\/www.europesays.com\/fr\/396082\/"},"modified":"2025-09-16T22:22:15","modified_gmt":"2025-09-16T22:22:15","slug":"le-suspect-de-la-disparition-de-maddie-mccann-va-etre-libere-de-prison","status":"publish","type":"post","link":"https:\/\/www.europesays.com\/fr\/396082\/","title":{"rendered":"le suspect de la disparition de Maddie McCann va \u00eatre lib\u00e9r\u00e9 de prison"},"content":{"rendered":"<p class=\"mb-4 text-lg md:leading-8 break-words\">Christian Br\u00fcckner va \u00eatre lib\u00e9r\u00e9 de prison en Allemagne ce mercredi. L&rsquo;Allemand, soup\u00e7onn\u00e9 de la disparition de Madeleine McCann, a purg\u00e9 une peine de sept ans pour le viol d&rsquo;une femme de 72 ans au Portugal, dans une affaire remontant \u00e0 2005.<\/p>\n<p class=\"mb-4 text-lg md:leading-8 break-words\">Uun donateur anonyme a pay\u00e9 une dette de 1 446 euros qui faisait partie de la peine. Si cette somme n&rsquo;avait pas \u00e9t\u00e9 pay\u00e9e, il aurait d\u00fb rester en prison pendant 56 jours suppl\u00e9mentaires.<\/p>\n<p class=\"mb-4 text-lg md:leading-8 break-words\">En 2020, la police allemande a d\u00e9clar\u00e9 que Christian Br\u00fcckner, 49 ans, \u00e9tait suspect\u00e9 de la disparition de Madeleine McCann.<\/p>\n<p class=\"mb-4 text-lg md:leading-8 break-words\">\u00ab\u00a0Il n&rsquo;est pas notre principal suspect, c&rsquo;est le seul suspect\u00a0\u00bb, a d\u00e9clar\u00e9 Hans Christan Wolters, le procureur allemand charg\u00e9 de l&rsquo;enqu\u00eate.<\/p>\n<p class=\"mb-4 text-lg md:leading-8 break-words\">Mais il n&rsquo;a jamais \u00e9t\u00e9 formellement inculp\u00e9, faute de preuves convaincantes. C&rsquo;est pourquoi il ne sera pas arr\u00eat\u00e9 \u00e0 nouveau apr\u00e8s avoir purg\u00e9 sa peine actuelle.<\/p>\n<p class=\"mb-4 text-lg md:leading-8 break-words\">Le citoyen allemand de 49 ans nie toute implication dans l&rsquo;affaire Madeleine McCann.<\/p>\n<p class=\"mb-4 text-lg md:leading-8 break-words\">La police britannique suit \u00e9galement cette piste. La police m\u00e9tropolitaine de Londres a demand\u00e9 \u00e0 interroger Christian Br\u00fcckner alors qu&rsquo;il \u00e9tait en prison en Allemagne, mais ce dernier a refus\u00e9.<\/p>\n<p class=\"mb-4 text-lg md:leading-8 break-words\">Ces soup\u00e7ons ont d\u00e9j\u00e0 donn\u00e9 lieu \u00e0 des op\u00e9rations de recherche conjointes des polices allemande et portugaise. La derni\u00e8re a eu lieu en juin, lorsqu&rsquo;une soixantaine d&rsquo;inspecteurs ont fouill\u00e9 la zone o\u00f9 la fillette a \u00e9t\u00e9 vu pour la derni\u00e8re fois.<\/p>\n<p class=\"mb-4 text-lg md:leading-8 break-words\"><b class=\"c-widget-related__title__text\">Related<\/b><\/p>\n<p class=\"mb-4 text-lg md:leading-8 break-words\">Christian Br\u00fcckner a pass\u00e9 beaucoup de temps dans la r\u00e9gion de l&rsquo;Algarve. Il a d\u00e9j\u00e0 \u00e9t\u00e9 jug\u00e9 et acquitt\u00e9 pour cinq autres d\u00e9lits sexuels qui auraient eu lieu dans cette r\u00e9gion du sud du Portugal entre 200 et 2017. L&rsquo;un d&rsquo;entre eux s&rsquo;est produit quelques semaines avant la disparition de Maddie McCann.<\/p>\n<p class=\"mb-4 text-lg md:leading-8 break-words\">Madeleine McCann a disparu en mai 2007 du village de Praia da Luz, en Algarve. L&rsquo;enfant britannique avait trois ans et \u00e9tait en vacances avec ses parents et ses fr\u00e8res jumeaux.<\/p>\n<p class=\"mb-4 text-lg md:leading-8 break-words\">L&rsquo;affaire a fini par attirer l&rsquo;attention des m\u00e9dias du monde entier. Mais elle n&rsquo;a jamais \u00e9t\u00e9 r\u00e9solue.<\/p>\n","protected":false},"excerpt":{"rendered":"Christian Br\u00fcckner va \u00eatre lib\u00e9r\u00e9 de prison en Allemagne ce mercredi. L&rsquo;Allemand, soup\u00e7onn\u00e9 de la disparition de Madeleine&hellip;\n","protected":false},"author":2,"featured_media":396083,"comment_status":"","ping_status":"","sticky":false,"template":"","format":"standard","meta":{"footnotes":""},"categories":[1587],"tags":[11,672,1804,1991,1805,1803,1777,674,1801,52806,52805,12,806,1802],"class_list":{"0":"post-396082","1":"post","2":"type-post","3":"status-publish","4":"format-standard","5":"has-post-thumbnail","7":"category-allemagne","8":"tag-actualites","9":"tag-allemagne","10":"tag-bundesrepublik-deutschland","11":"tag-christian","12":"tag-de","13":"tag-deutschland","14":"tag-eu","15":"tag-europe","16":"tag-germany","17":"tag-la-disparition","18":"tag-madeleine-mccann","19":"tag-news","20":"tag-prison","21":"tag-republique-federale-dallemagne"},"share_on_mastodon":{"url":"https:\/\/pubeurope.com\/@fr\/115216314853122302","error":""},"_links":{"self":[{"href":"https:\/\/www.europesays.com\/fr\/wp-json\/wp\/v2\/posts\/396082","targetHints":{"allow":["GET"]}}],"collection":[{"href":"https:\/\/www.europesays.com\/fr\/wp-json\/wp\/v2\/posts"}],"about":[{"href":"https:\/\/www.europesays.com\/fr\/wp-json\/wp\/v2\/types\/post"}],"author":[{"embeddable":true,"href":"https:\/\/www.europesays.com\/fr\/wp-json\/wp\/v2\/users\/2"}],"replies":[{"embeddable":true,"href":"https:\/\/www.europesays.com\/fr\/wp-json\/wp\/v2\/comments?post=396082"}],"version-history":[{"count":0,"href":"https:\/\/www.europesays.com\/fr\/wp-json\/wp\/v2\/posts\/396082\/revisions"}],"wp:featuredmedia":[{"embeddable":true,"href":"https:\/\/www.europesays.com\/fr\/wp-json\/wp\/v2\/media\/396083"}],"wp:attachment":[{"href":"https:\/\/www.europesays.com\/fr\/wp-json\/wp\/v2\/media?parent=396082"}],"wp:term":[{"taxonomy":"category","embeddable":true,"href":"https:\/\/www.europesays.com\/fr\/wp-json\/wp\/v2\/categories?post=396082"},{"taxonomy":"post_tag","embeddable":true,"href":"https:\/\/www.europesays.com\/fr\/wp-json\/wp\/v2\/tags?post=396082"}],"curies":[{"name":"wp","href":"https:\/\/api.w.org\/{rel}","templated":true}]}}