{"id":396098,"date":"2025-09-16T22:35:18","date_gmt":"2025-09-16T22:35:18","guid":{"rendered":"https:\/\/www.europesays.com\/fr\/396098\/"},"modified":"2025-09-16T22:35:18","modified_gmt":"2025-09-16T22:35:18","slug":"meme-a-10-meme-a-9-on-aura-toujours-notre-moment-glisse-mbappe","status":"publish","type":"post","link":"https:\/\/www.europesays.com\/fr\/396098\/","title":{"rendered":"\u00abM\u00eame \u00e0 10, m\u00eame \u00e0 9, on aura toujours notre moment\u00bb, glisse Mbapp\u00e9"},"content":{"rendered":"<p>L\u2019attaquant du Real et des Bleus a fait le point, sur Canal+, apr\u00e8s la victoire des Madril\u00e8nes sur l\u2019OM mardi, \u00e0 Bernabeu.<\/p>\n<p class=\"fig-paragraph\"><strong>Kylian Mbapp\u00e9 (attaquant du Real, apr\u00e8s\u00a0<\/strong><a href=\"http:\/\/www.lefigaro.fr\/sports\/football\/ligue-des-champions\/ligue-des-champions-a-10-contre-11-le-real-de-mbappe-s-offre-un-om-vaillant-20250916\" data-fig-type=\"NewsFlash\" data-gtm-custom-categorie=\"navigation\" data-gtm-custom-action=\"crossclick\" data-gtm-custom-label=\"Contextuel\" data-gtm-event=\"customEventSPE\" data-fig-domain=\"LEFIGARO\" target=\"_blank\" rel=\"noopener\"><strong>la victoire 2-1 sur l\u2019OM<\/strong><\/a> <strong>)<\/strong>\u00a0: \u00abSurpris par l\u2019OM\u00a0? Moi non, je connais l\u2019OM. J\u2019ai vu tous leurs matches cette saison, y compris celui\u00a0<a href=\"http:\/\/www.lefigaro.fr\/sports\/football\/ligue-1\/marseille-lorient-pavard-et-greenwood-tonitruants-des-recrues-percutantes-meite-et-les-merlus-submerges-les-tops-et-flops-20250913\" data-fig-type=\"NewsFlash\" data-gtm-custom-categorie=\"navigation\" data-gtm-custom-action=\"crossclick\" data-gtm-custom-label=\"Contextuel\" data-gtm-event=\"customEventSPE\" data-fig-domain=\"LEFIGARO\" target=\"_blank\" rel=\"noopener\">contre Lorient (4-0)<\/a> . Je connais le championnat de France. Il faut plus poser la question aux autres\u2026 On a bien commenc\u00e9 en mettant beaucoup de pression. Ils ont \u00e9t\u00e9 coh\u00e9rents dans ce qu\u2019ils ont produit. On a eu quand m\u00eame pas mal de situations sur lesquelles on doit \u00eatre plus efficaces, moi le premier. Ils marquent le premier but sur une erreur, \u00e7a peut arriver, on \u00e9tait trop en dilettante\u2026 Mais on arrive \u00e0 r\u00e9agir. On a encore pas mal de situations, on peut rentrer au vestiaire avec l\u2019avantage. En deuxi\u00e8me p\u00e9riode, \u00e7a piochait un peu plus sur le plan physique et on prend le rouge. Je n\u2019ai pas vu la situation. Mais on sait qu\u2019\u00e0 Bernabeu, m\u00eame \u00e0 10, m\u00eame \u00e0 9, peu importe ce qui se passe, on aura toujours notre moment. Et c\u2019est ce qui est arriv\u00e9. On a eu le penalty et on a marqu\u00e9. Comme face \u00e0 la Real Sociedad le week-end dernier, quand on est \u00e0 10, on doit accepter de souffrir un peu plus. On est contents de gagner pour d\u00e9buter cette Ligue des champions.\u00a0<\/p>\n<p class=\"fig-paragraph\">Le duel avec Balerdi\u00a0? Normal (rires). Pas mal de d\u00e9fenseurs font cela avec moi, j\u2019ai l\u2019habitude, depuis de nombreuses ann\u00e9es maintenant. Il faut rester concentr\u00e9, dans son match. Son objectif, c\u2019est de me sortir de mon match. Je suis toujours concentr\u00e9 et ce soir, je repars avec la victoire, deux buts et le troph\u00e9e d\u2019homme du match. Ma forme du moment\u00a0? Je suis bien, j\u2019ai bien commenc\u00e9 la saison mais je peux encore faire mieux, c\u2019est le d\u00e9but de saison. On est encore dans une phase de pr\u00e9paration, on n\u2019a pas eu beaucoup de temps pour se pr\u00e9parer. On essaie de monter en puissance, j\u2019essaie de travailler aux entra\u00eenements et en dehors pour essayer d\u2019\u00eatre le plus performant possible et monter en puissance. Ce sera une longue et importante saison, il faut \u00eatre pr\u00eat maintenant et pour longtemps.\u00bb (sur Canal+)<\/p>\n","protected":false},"excerpt":{"rendered":"L\u2019attaquant du Real et des Bleus a fait le point, sur Canal+, apr\u00e8s la victoire des Madril\u00e8nes sur&hellip;\n","protected":false},"author":2,"featured_media":396099,"comment_status":"","ping_status":"","sticky":false,"template":"","format":"standard","meta":{"footnotes":""},"categories":[1412],"tags":[1451,1452,1453,1454,1455,1011,27,6477,11785,447,149,4790,60],"class_list":{"0":"post-396098","1":"post","2":"type-post","3":"status-publish","4":"format-standard","5":"has-post-thumbnail","7":"category-f1","8":"tag-f1","9":"tag-formula-1","10":"tag-formula1","11":"tag-formule-1","12":"tag-formule1","13":"tag-fr","14":"tag-france","15":"tag-kylian-mbappe","16":"tag-leonardo-balerdi","17":"tag-ligue-des-champions","18":"tag-om","19":"tag-real-madrid","20":"tag-sports"},"share_on_mastodon":{"url":"https:\/\/pubeurope.com\/@fr\/115216365864500827","error":""},"_links":{"self":[{"href":"https:\/\/www.europesays.com\/fr\/wp-json\/wp\/v2\/posts\/396098","targetHints":{"allow":["GET"]}}],"collection":[{"href":"https:\/\/www.europesays.com\/fr\/wp-json\/wp\/v2\/posts"}],"about":[{"href":"https:\/\/www.europesays.com\/fr\/wp-json\/wp\/v2\/types\/post"}],"author":[{"embeddable":true,"href":"https:\/\/www.europesays.com\/fr\/wp-json\/wp\/v2\/users\/2"}],"replies":[{"embeddable":true,"href":"https:\/\/www.europesays.com\/fr\/wp-json\/wp\/v2\/comments?post=396098"}],"version-history":[{"count":0,"href":"https:\/\/www.europesays.com\/fr\/wp-json\/wp\/v2\/posts\/396098\/revisions"}],"wp:featuredmedia":[{"embeddable":true,"href":"https:\/\/www.europesays.com\/fr\/wp-json\/wp\/v2\/media\/396099"}],"wp:attachment":[{"href":"https:\/\/www.europesays.com\/fr\/wp-json\/wp\/v2\/media?parent=396098"}],"wp:term":[{"taxonomy":"category","embeddable":true,"href":"https:\/\/www.europesays.com\/fr\/wp-json\/wp\/v2\/categories?post=396098"},{"taxonomy":"post_tag","embeddable":true,"href":"https:\/\/www.europesays.com\/fr\/wp-json\/wp\/v2\/tags?post=396098"}],"curies":[{"name":"wp","href":"https:\/\/api.w.org\/{rel}","templated":true}]}}