{"id":396104,"date":"2025-09-16T22:38:10","date_gmt":"2025-09-16T22:38:10","guid":{"rendered":"https:\/\/www.europesays.com\/fr\/396104\/"},"modified":"2025-09-16T22:38:10","modified_gmt":"2025-09-16T22:38:10","slug":"des-photos-de-donald-trump-avec-jeffrey-epstein-projetees-sur-le-chateau-de-windsor","status":"publish","type":"post","link":"https:\/\/www.europesays.com\/fr\/396104\/","title":{"rendered":"Des photos de Donald Trump avec Jeffrey Epstein projet\u00e9es sur le ch\u00e2teau de Windsor"},"content":{"rendered":"<p>Alors que Donald Trump est en visite d\u2019\u00c9tat au Royaume-Uni, des militants ont projet\u00e9 sur une tour du ch\u00e2teau de Windsor des images o\u00f9 on le voit prendre la pose aux c\u00f4t\u00e9s du criminel sexuel Jeffrey Epstein.<\/p>\n<p class=\"fig-paragraph\">Des militants ont projet\u00e9 mardi soir des images de\u00a0<a href=\"https:\/\/www.lefigaro.fr\/tag\/donald-trump\" target=\"_blank\" rel=\"sponsored noopener\" data-gtm-custom-categorie=\"navigation\" data-gtm-custom-action=\"crossclick\" data-gtm-custom-label=\"Contextuel\" data-gtm-event=\"customEventSPE\">Donald Trump<\/a>\u00a0et du criminel sexuel\u00a0<a href=\"https:\/\/www.lefigaro.fr\/tag\/jeffrey-epstein\" target=\"_blank\" rel=\"sponsored noopener\" data-gtm-custom-categorie=\"navigation\" data-gtm-custom-action=\"crossclick\" data-gtm-custom-label=\"Contextuel\" data-gtm-event=\"customEventSPE\">Jeffrey Epstein<\/a>\u00a0sur une tour du ch\u00e2teau de Windsor, o\u00f9 le pr\u00e9sident am\u00e9ricain sera accueilli mercredi en visite d&rsquo;\u00c9tat au Royaume-Uni, selon des images de l&rsquo;AFP TV.<\/p>\n<p class=\"fig-body-link\">\n            \u00c0 lire aussi<br \/>\n        <a class=\"fig-body-link__link\" href=\"http:\/\/www.lefigaro.fr\/international\/visite-de-donald-trump-au-royaume-uni-le-president-americain-a-atterri-sur-le-sol-britannique-20250916\" target=\"_blank\" data-fig-type=\"NewsFlash\" rel=\"noopener\" data-gtm-custom-categorie=\"navigation\" data-gtm-custom-action=\"crossclick\" data-gtm-custom-label=\"Contextuel\" data-gtm-event=\"customEventSPE\" data-fig-domain=\"LEFIGARO\">Visite de Donald Trump au Royaume-Uni: le pr\u00e9sident am\u00e9ricain a atterri sur le sol britannique<br \/>\n    <\/a>\n<\/p>\n<p class=\"fig-paragraph\">Le groupe britannique Led by Donkeys (\u00abDirig\u00e9s par des \u00e2nes\u00bb), qui demande des comptes aux responsables politiques avec des campagnes souvent humoristiques, a r\u00e9ussi \u00e0 diffuser pendant plusieurs minutes un montage vid\u00e9o sur l&rsquo;une des tours de la r\u00e9sidence royale, situ\u00e9e \u00e0 l&rsquo;ouest de Londres.<\/p>\n<p>                                    <a class=\"fig-a11y-skip a11y-hidden\" href=\"#fig-a11y-skip-main-inarticle\"><br \/>\n        Passer la publicit\u00e9<br \/>\n    <\/a><\/p>\n<p class=\"fig-paragraph\">Parmi les images, des portraits de Jeffrey Epstein, mort en prison en 2019 avant son proc\u00e8s pour exploitation sexuelle, ou encore des images des deux hommes c\u00f4te \u00e0 c\u00f4te. En dessous, la signature que la presse am\u00e9ricaine attribue \u00e0 Donald Trump et qui est au c\u0153ur d\u2019une\u00a0<a href=\"http:\/\/www.lefigaro.fr\/flash-actu\/des-elus-democrates-rendent-publique-la-lettre-supposement-ecrite-par-donald-trump-a-jeffrey-epstein-20250908\" target=\"_blank\" data-fig-type=\"NewsFlash\" rel=\"noopener\" data-gtm-custom-categorie=\"navigation\" data-gtm-custom-action=\"crossclick\" data-gtm-custom-label=\"Contextuel\" data-gtm-event=\"customEventSPE\" data-fig-domain=\"LEFIGARO\">lettre d\u2019anniversaire controvers\u00e9e \u00e0 destination de Jeffrey Epstein<\/a>.<\/p>\n<p>L\u2019empoisonnante affaire Epstein<\/p>\n<p class=\"fig-paragraph\">L&rsquo;affaire du criminel sexuel am\u00e9ricain Jeffrey Epstein empoisonne la pr\u00e9sidence de Donald Trump depuis des semaines. Le dirigeant r\u00e9publicain a longtemps \u00e9t\u00e9 un proche de ce financier, avant de rompre avec lui.<\/p>\n<p class=\"fig-paragraph\">C&rsquo;est aussi un sujet qui est venu hanter cette semaine le premier ministre britannique Keir Starmer, qui\u00a0<a href=\"http:\/\/www.lefigaro.fr\/international\/affaire-epstein-l-ambassadeur-britannique-aux-etats-unis-limoge-20250911\" target=\"_blank\" data-fig-type=\"NewsFlash\" rel=\"noopener\" data-gtm-custom-categorie=\"navigation\" data-gtm-custom-action=\"crossclick\" data-gtm-custom-label=\"Contextuel\" data-gtm-event=\"customEventSPE\" data-fig-domain=\"LEFIGARO\">a limog\u00e9 son ambassadeur \u00e0 Washington, Peter Mandelson<\/a>, apr\u00e8s des r\u00e9v\u00e9lations sur les liens \u00e9troits entre ce dernier et Jeffrey Epstein.<\/p>\n<p class=\"fig-paragraph\">Avant m\u00eame que l&rsquo;avion Air Force One du pr\u00e9sident am\u00e9ricain ne se pose sur le sol britannique, des dizaines de manifestants anti-Trump \u00e9taient rassembl\u00e9s \u00e0 Windsor mardi apr\u00e8s-midi pour protester contre sa venue. Des militants pour le climat ont aussi interrompu un d\u00eener organis\u00e9 par l&rsquo;organisation des r\u00e9publicains am\u00e9ricains \u00e0 l&rsquo;\u00e9tranger. Une activiste a accus\u00e9 le pr\u00e9sident Trump d&rsquo;entra\u00eener le monde \u00absur la voie du fascisme et de l&rsquo;effondrement climatique\u00bb.<\/p>\n<p class=\"fig-paragraph\">Mercredi, des milliers de manifestants ont pr\u00e9vu de protester \u00e0 Londres contre cette visite d&rsquo;\u00c9tat, la deuxi\u00e8me de Donald Trump au Royaume-Uni, pendant laquelle le dirigeant a pr\u00e9vu d&rsquo;\u00e9viter la capitale et le public. Il restera confin\u00e9 mercredi dans l&rsquo;enceinte du ch\u00e2teau de Windsor o\u00f9 le couple pr\u00e9sidentiel sera l&rsquo;h\u00f4te du roi Charles III et de la reine Camilla, avant de rejoindre le premier ministre Keir Starmer jeudi pour une journ\u00e9e plus politique et \u00e9conomique dans sa r\u00e9sidence de campagne de Chequers, \u00e0 70 km de Londres.<\/p>\n","protected":false},"excerpt":{"rendered":"Alors que Donald Trump est en visite d\u2019\u00c9tat au Royaume-Uni, des militants ont projet\u00e9 sur une tour du&hellip;\n","protected":false},"author":2,"featured_media":396105,"comment_status":"","ping_status":"","sticky":false,"template":"","format":"standard","meta":{"footnotes":""},"categories":[1359],"tags":[14751,58,75,59,1011,27,973],"class_list":{"0":"post-396104","1":"post","2":"type-post","3":"status-publish","4":"format-standard","5":"has-post-thumbnail","7":"category-people","8":"tag-affaire-epstein","9":"tag-divertissement","10":"tag-donald-trump","11":"tag-entertainment","12":"tag-fr","13":"tag-france","14":"tag-people"},"share_on_mastodon":{"url":"https:\/\/pubeurope.com\/@fr\/115216377643809589","error":""},"_links":{"self":[{"href":"https:\/\/www.europesays.com\/fr\/wp-json\/wp\/v2\/posts\/396104","targetHints":{"allow":["GET"]}}],"collection":[{"href":"https:\/\/www.europesays.com\/fr\/wp-json\/wp\/v2\/posts"}],"about":[{"href":"https:\/\/www.europesays.com\/fr\/wp-json\/wp\/v2\/types\/post"}],"author":[{"embeddable":true,"href":"https:\/\/www.europesays.com\/fr\/wp-json\/wp\/v2\/users\/2"}],"replies":[{"embeddable":true,"href":"https:\/\/www.europesays.com\/fr\/wp-json\/wp\/v2\/comments?post=396104"}],"version-history":[{"count":0,"href":"https:\/\/www.europesays.com\/fr\/wp-json\/wp\/v2\/posts\/396104\/revisions"}],"wp:featuredmedia":[{"embeddable":true,"href":"https:\/\/www.europesays.com\/fr\/wp-json\/wp\/v2\/media\/396105"}],"wp:attachment":[{"href":"https:\/\/www.europesays.com\/fr\/wp-json\/wp\/v2\/media?parent=396104"}],"wp:term":[{"taxonomy":"category","embeddable":true,"href":"https:\/\/www.europesays.com\/fr\/wp-json\/wp\/v2\/categories?post=396104"},{"taxonomy":"post_tag","embeddable":true,"href":"https:\/\/www.europesays.com\/fr\/wp-json\/wp\/v2\/tags?post=396104"}],"curies":[{"name":"wp","href":"https:\/\/api.w.org\/{rel}","templated":true}]}}