{"id":396119,"date":"2025-09-16T22:47:12","date_gmt":"2025-09-16T22:47:12","guid":{"rendered":"https:\/\/www.europesays.com\/fr\/396119\/"},"modified":"2025-09-16T22:47:12","modified_gmt":"2025-09-16T22:47:12","slug":"enfouis-dans-la-poussiere-depuis-des-milliards-dannees-ces-trous-noirs-geants-decouverts-par-james-webb-racontent-une-autre-histoire-du-cosmos-daily-geek-show","status":"publish","type":"post","link":"https:\/\/www.europesays.com\/fr\/396119\/","title":{"rendered":"Enfouis dans la poussi\u00e8re depuis des milliards d\u2019ann\u00e9es, ces trous noirs g\u00e9ants d\u00e9couverts par James-Webb racontent une autre histoire du cosmos &#8211; Daily Geek Show"},"content":{"rendered":"<ol>\n<li><a href=\"https:\/\/news.google.com\/rss\/articles\/CBMi_gFBVV95cUxQdWpnVkFqaUFKVUNFV3N2UFh6aHpjUEJINTA2b2ZTcXVkS2FOdEEzUXNIc2Z2eXZsRkl1SHRCNUE2N2ZsRzFaQkdiOGF2QjJQbmJtX0s1c1dVTzZqV1o1bGltVWZsdXQ0TFhoSjN4dGtPUHh2NC03WkdSUVlsSHlxT1Q3cTZyWmZqSGUyamM3RDJaeURScndhWFIzWUZ0Y3VfUlBpS2NzaGRlWU1PYy1ScGhXVUpvOVNzbXptMEVnUmFyelVURmdqLXhvLXNvNURZVUJUdnJHVEd6OFpCM2t2ZVhzc3A1cFRUUHRzZTdoVGYtWlVDNDViYjhJQXlzQQ?oc=5\" target=\"_blank\" rel=\"nofollow noopener\">Enfouis dans la poussi\u00e8re depuis des milliards d\u2019ann\u00e9es, ces trous noirs g\u00e9ants d\u00e9couverts par James-Webb racontent une autre histoire du cosmos<\/a>&nbsp;&nbsp;Daily Geek Show<\/li>\n<li><a href=\"https:\/\/news.google.com\/rss\/articles\/CBMi0gFBVV95cUxOb0FCM0tQTFlSelFCYVJfWTJnY2ZDOXc1bk9MTjc1UFRkVjdHVWR4d1dXdjZlLXh5Y1VYTGIxb0FBamVaWnBnTDdFUjZiajhHbl8xU1RfTnRKSFJFb0dnZjRHOU4tUlFDMUo4RWtmaFEwQjdPZ0UzY3BiWjk5T09yRF9ZazNfdzRGNWpPQUpOOGxkSGw0YTYycElTRndVdVE5UUlEa3NfVUp5UlBFZm9HRUxudENDZ19LTVZVNGRkUnFST0Q5aFh1ckxESXVsTjZORGc?oc=5\" target=\"_blank\" rel=\"nofollow noopener\">Les \u201cpetits points rouges\u201d de l\u2019espace seraient des \u00e9toiles-trous noirs<\/a>&nbsp;&nbsp;Courrier international<\/li>\n<li><a href=\"https:\/\/news.google.com\/rss\/articles\/CBMi4AFBVV95cUxQTFltZnRpY3MwY3VELWtTZmh4QU0xdjRuOGVBenVGdFdLLXlKSF82ZF9GMmRrT25TcTVhbVU1dnlkNzhyMW8wMXNZVTNmc1otUEltSnhzS25hWk9ZQkVKVk1UYWdLZmtQNlM2UHFabk9RcXR6UTZNdERLbFRDcm94Vk5GOVRraThlbTNaaUFrMHlkZTFSaUZ2MlcwVE1MVDJUR2dSdWxScjU2cEJJUE9vOGRTczVWWkw4YWR6RHhZQ09vVzJ1VF9aeVdDR2s3Ri1tdlZYSjNJdC1wVV8zTU56Xw?oc=5\" target=\"_blank\" rel=\"nofollow noopener\">Les \u00ab petits points rouges \u00bb d\u00e9tect\u00e9s par le t\u00e9lescope James-Webb seraient des \u00e9toiles-trous noirs<\/a>&nbsp;&nbsp;futura-sciences.com<\/li>\n<li><a href=\"https:\/\/news.google.com\/rss\/articles\/CBMi2gFBVV95cUxPX2Utdk1fMFlZSGRDd2Ziajd0TTRhX3doNVhGWElucElES3VXa0VXZ2JscHBHWnMzVEZITUdTS2FUYjZlWDJBWjVieXI2akwwM3lEbVJONFU5cTZNa2FXUENPRmJRMTJ4aVNCQzJ3V0tMQ0FEZDFXQ0RUWkF0ZzVkNk5pOVc5V2pqOEl4X1dUOVVLM1owZXozcnZmXzAzNWVmbkRUNjRza3pkRFRVcVp4ZFpMb0pfY1pMckh1dEV6UjdKMmxsNXhzRk1nVVpuc2dlMWcwOEhxbzhlZw?oc=5\" target=\"_blank\" rel=\"nofollow noopener\">Ce trou noir d\u00e9vastateur reste un myst\u00e8re apr\u00e8s 20 ans et divise la communaut\u00e9 scientifique internationale<\/a>&nbsp;&nbsp;Innovant.fr<\/li>\n<li><a href=\"https:\/\/news.google.com\/rss\/articles\/CBMi_wFBVV95cUxOMTlYVVJQa1Q1QmJxY29RLTNpWHBMRlI1YXgxc2diTnJrOE1VWERoZERiejZMSFdrRUM2R0l2QTJjX2lRQVZ1QTlZVXpkUG5qQ05MRkdsRjdRYWh3NFplR2dja0ZHT3ZhcXljN3FyMWNtaGgtRms0UmtodVgybURCY3I1RHFzeXZya1I5Sko0X2VGMDNpYklXY1VzRVlwdVNBMERIRTA1aGd4X2J1cGs2STBQUWRzME80OFF2Nms5T0RldjFXLUdFYTBmUVpibnFZczh5T2VQc0NncEp3Q2JacmhZMU16OWtHdElTMllXanJyRmtGS2k0bkwyaW95N2c?oc=5\" target=\"_blank\" rel=\"nofollow noopener\">Que sont ces myst\u00e9rieux petits points rouges qui bouleversent notre connaissance de l\u2019Univers ?<\/a>&nbsp;&nbsp;PhonAndroid<\/li>\n<\/ol>\n","protected":false},"excerpt":{"rendered":"Enfouis dans la poussi\u00e8re depuis des milliards d\u2019ann\u00e9es, ces trous noirs g\u00e9ants d\u00e9couverts par James-Webb racontent une autre&hellip;\n","protected":false},"author":2,"featured_media":395849,"comment_status":"","ping_status":"","sticky":false,"template":"","format":"standard","meta":{"footnotes":""},"categories":[7],"tags":[1011,27,43,40,41,39,42,44],"class_list":{"0":"post-396119","1":"post","2":"type-post","3":"status-publish","4":"format-standard","5":"has-post-thumbnail","7":"category-sciences-et-technologies","8":"tag-fr","9":"tag-france","10":"tag-science","11":"tag-science-and-technology","12":"tag-sciences","13":"tag-sciences-et-technologies","14":"tag-technologies","15":"tag-technology"},"share_on_mastodon":{"url":"https:\/\/pubeurope.com\/@fr\/115216413071342250","error":""},"_links":{"self":[{"href":"https:\/\/www.europesays.com\/fr\/wp-json\/wp\/v2\/posts\/396119","targetHints":{"allow":["GET"]}}],"collection":[{"href":"https:\/\/www.europesays.com\/fr\/wp-json\/wp\/v2\/posts"}],"about":[{"href":"https:\/\/www.europesays.com\/fr\/wp-json\/wp\/v2\/types\/post"}],"author":[{"embeddable":true,"href":"https:\/\/www.europesays.com\/fr\/wp-json\/wp\/v2\/users\/2"}],"replies":[{"embeddable":true,"href":"https:\/\/www.europesays.com\/fr\/wp-json\/wp\/v2\/comments?post=396119"}],"version-history":[{"count":0,"href":"https:\/\/www.europesays.com\/fr\/wp-json\/wp\/v2\/posts\/396119\/revisions"}],"wp:featuredmedia":[{"embeddable":true,"href":"https:\/\/www.europesays.com\/fr\/wp-json\/wp\/v2\/media\/395849"}],"wp:attachment":[{"href":"https:\/\/www.europesays.com\/fr\/wp-json\/wp\/v2\/media?parent=396119"}],"wp:term":[{"taxonomy":"category","embeddable":true,"href":"https:\/\/www.europesays.com\/fr\/wp-json\/wp\/v2\/categories?post=396119"},{"taxonomy":"post_tag","embeddable":true,"href":"https:\/\/www.europesays.com\/fr\/wp-json\/wp\/v2\/tags?post=396119"}],"curies":[{"name":"wp","href":"https:\/\/api.w.org\/{rel}","templated":true}]}}